{"id":2333,"date":"2026-09-05T15:00:18","date_gmt":"2026-09-05T18:00:18","guid":{"rendered":"https:\/\/revistainteirada.com\/interamusic\/?p=2333"},"modified":"2026-09-05T15:00:19","modified_gmt":"2026-09-05T18:00:19","slug":"gal-costa-ganha-homenagem-em-salvador-com-releitura-de-album-dedicado-a-dorival-caymmi","status":"publish","type":"post","link":"https:\/\/revistainteirada.com\/interamusic\/2026\/09\/05\/gal-costa-ganha-homenagem-em-salvador-com-releitura-de-album-dedicado-a-dorival-caymmi\/","title":{"rendered":"Gal Costa ganha homenagem em Salvador com releitura de \u00e1lbum dedicado a Dorival Caymmi"},"content":{"rendered":"<div class='booster-block booster-read-block'>\n                <div class=\"twp-read-time\">\n                \t<i class=\"booster-icon twp-clock\"><\/i> <span>Read Time:<\/span>2 Minute, 26 Second                <\/div>\n\n            <\/div>\n<p class=\"wp-block-paragraph\">A obra de Gal Costa volta ao palco em Salvador em um espet\u00e1culo que re\u00fane dois marcos da m\u00fasica brasileira: os 50 anos do \u00e1lbum <em>Gal canta Caymmi<\/em> e a celebra\u00e7\u00e3o dos 81 anos que a cantora completaria em setembro de 2026.<\/p>\n\n\n\n<p class=\"wp-block-paragraph\">A homenagem ser\u00e1 conduzida pela cantora Lav\u00ednia, que apresenta o espet\u00e1culo <em>Lav\u00ednia em Gal canta Caymmi<\/em> no dia 25 de setembro, no Teatro Cambar\u00e1, na Casa Rosa, em Salvador. A apresenta\u00e7\u00e3o acontece na v\u00e9spera do anivers\u00e1rio de Gal, nascida em 26 de setembro de 1945, na capital baiana.<\/p>\n\n\n\n<p class=\"wp-block-paragraph\">Lan\u00e7ado em abril de 1976 pela Philips, <em>Gal canta Caymmi<\/em> foi inteiramente dedicado ao repert\u00f3rio de Dorival Caymmi. O disco marcou um momento importante na trajet\u00f3ria comercial de Gal e teria ultrapassado a marca de 100 mil c\u00f3pias vendidas em seu primeiro ano.<\/p>\n\n\n\n<p class=\"wp-block-paragraph\">A produ\u00e7\u00e3o do \u00e1lbum surgiu de uma ideia do diretor art\u00edstico da Philips \u00e0 \u00e9poca, Roberto Menescal. A dire\u00e7\u00e3o musical ficou a cargo do produtor e guitarrista Perinho Albuquerque, enquanto os arranjos foram divididos entre Albuquerque e o pianista e compositor Jo\u00e3o Donato. O trabalho contou ainda com m\u00fasicos como Dominguinhos, Luiz\u00e3o Maia, Paulinho Braga, Novelli e Antonio Adolfo.<\/p>\n\n\n\n<p class=\"wp-block-paragraph\">Entre as can\u00e7\u00f5es de Caymmi interpretadas por Gal est\u00e3o <em>Rainha do Mar<\/em>, <em>Vatap\u00e1<\/em>, <em>Festa de Rua<\/em>, <em>Dois de Fevereiro<\/em>, <em>Nem Eu<\/em> e <em>S\u00f3 Louco<\/em>. O repert\u00f3rio evidencia a conex\u00e3o da cantora com a tradi\u00e7\u00e3o musical baiana e com um dos principais compositores respons\u00e1veis por transformar refer\u00eancias da cultura do litoral da Bahia em cl\u00e1ssicos da m\u00fasica brasileira.<\/p>\n\n\n\n<p class=\"wp-block-paragraph\">No novo espet\u00e1culo, Lav\u00ednia revisita esse repert\u00f3rio acompanhada por uma banda formada por instrumentos de cordas, sopros e teclados. A dire\u00e7\u00e3o art\u00edstica \u00e9 assinada pelo cantor e compositor pernambucano Otto, respons\u00e1vel por conceber uma nova leitura para o material registrado por Gal h\u00e1 cinco d\u00e9cadas.<\/p>\n\n\n\n<p class=\"wp-block-paragraph\">A escolha de Salvador acrescenta uma dimens\u00e3o simb\u00f3lica ao projeto. Foi na cidade que Gal nasceu e construiu parte fundamental de sua identidade art\u00edstica. Ao mesmo tempo, o repert\u00f3rio de Caymmi estabelece uma conex\u00e3o direta com a pr\u00f3pria forma\u00e7\u00e3o cultural da Bahia, fazendo do espet\u00e1culo um encontro entre duas figuras fundamentais da m\u00fasica brasileira.<\/p>\n\n\n\n<p class=\"wp-block-paragraph\">A homenagem tamb\u00e9m ocorre em um momento de crescente recupera\u00e7\u00e3o da obra de Gal Costa. Morta em novembro de 2022, aos 77 anos, a cantora deixou uma trajet\u00f3ria que atravessa a Tropic\u00e1lia, a MPB e diferentes fases da m\u00fasica brasileira. Seu trabalho com repert\u00f3rios de outros compositores foi uma das caracter\u00edsticas marcantes de sua carreira, sempre acompanhado por uma interpreta\u00e7\u00e3o vocal singular.<\/p>\n\n\n\n<p class=\"wp-block-paragraph\">O projeto <em>Lav\u00ednia em Gal canta Caymmi<\/em> estreou em S\u00e3o Paulo em julho e chega a Salvador dois meses depois. Na capital baiana, a apresenta\u00e7\u00e3o transforma o cinquenten\u00e1rio de um \u00e1lbum em ponto de partida para celebrar a perman\u00eancia de Gal Costa e Dorival Caymmi no imagin\u00e1rio musical brasileiro.<\/p>\n\n\n\n<p class=\"wp-block-paragraph\"><strong>Servi\u00e7o<\/strong><\/p>\n\n\n\n<p class=\"wp-block-paragraph\"><em>Lav\u00ednia em Gal canta Caymmi<\/em><br>25 de setembro de 2026<br>Teatro Cambar\u00e1 \u2014 Casa Rosa, Salvador (BA)<br>Repert\u00f3rio baseado no \u00e1lbum <em>Gal canta Caymmi<\/em> (1976)<br>Dire\u00e7\u00e3o art\u00edstica: Otto<\/p>\n\n\n\n<p class=\"wp-block-paragraph\"><\/p>\n        <div class=\"booster-block booster-reactions-block\">\n            <div class=\"twp-reactions-icons\">\n                \n                <div class=\"twp-reacts-wrap\">\n                    <a react-data=\"be-react-1\" post-id=\"2333\" class=\"be-face-icons un-reacted\" href=\"javascript:void(0)\">\n                        <img decoding=\"async\" src=\"https:\/\/revistainteirada.com\/interamusic\/wp-content\/plugins\/booster-extension\/\/assets\/icon\/happy.svg\" alt=\"Happy\">\n                    <\/a>\n                    <div class=\"twp-reaction-title\">\n                        Happy                    <\/div>\n                    <div class=\"twp-count-percent\">\n                                                    <span style=\"display: none;\" class=\"twp-react-count\">0<\/span>\n                        \n                                                <span class=\"twp-react-percent\"><span>0<\/span> %<\/span>\n                                            <\/div>\n                <\/div>\n\n                <div class=\"twp-reacts-wrap\">\n                    <a react-data=\"be-react-2\" post-id=\"2333\" class=\"be-face-icons un-reacted\" href=\"javascript:void(0)\">\n                        <img decoding=\"async\" src=\"https:\/\/revistainteirada.com\/interamusic\/wp-content\/plugins\/booster-extension\/\/assets\/icon\/sad.svg\" alt=\"Sad\">\n                    <\/a>\n                    <div class=\"twp-reaction-title\">\n                        Sad                    <\/div>\n                    <div class=\"twp-count-percent\">\n                                                    <span style=\"display: none;\" class=\"twp-react-count\">0<\/span>\n                                                                        <span class=\"twp-react-percent\"><span>0<\/span> %<\/span>\n                                            <\/div>\n                <\/div>\n\n                <div class=\"twp-reacts-wrap\">\n                    <a react-data=\"be-react-3\" post-id=\"2333\" class=\"be-face-icons un-reacted\" href=\"javascript:void(0)\">\n                        <img decoding=\"async\" src=\"https:\/\/revistainteirada.com\/interamusic\/wp-content\/plugins\/booster-extension\/\/assets\/icon\/excited.svg\" alt=\"Excited\">\n                    <\/a>\n                    <div class=\"twp-reaction-title\">\n                        Excited                    <\/div>\n                    <div class=\"twp-count-percent\">\n                                                    <span style=\"display: none;\" class=\"twp-react-count\">0<\/span>\n                                                                        <span class=\"twp-react-percent\"><span>0<\/span> %<\/span>\n                                            <\/div>\n                <\/div>\n\n                <div class=\"twp-reacts-wrap\">\n                    <a react-data=\"be-react-6\" post-id=\"2333\" class=\"be-face-icons un-reacted\" href=\"javascript:void(0)\">\n                        <img decoding=\"async\" src=\"https:\/\/revistainteirada.com\/interamusic\/wp-content\/plugins\/booster-extension\/\/assets\/icon\/sleepy.svg\" alt=\"Sleepy\">\n                    <\/a>\n                    <div class=\"twp-reaction-title\">\n                        Sleepy                    <\/div>\n                    <div class=\"twp-count-percent\">\n                                                    <span style=\"display: none;\" class=\"twp-react-count\">0<\/span>\n                        \n                                                <span class=\"twp-react-percent\"><span>0<\/span> %<\/span>\n                                            <\/div>\n                <\/div>\n\n                <div class=\"twp-reacts-wrap\">\n                    <a react-data=\"be-react-4\" post-id=\"2333\" class=\"be-face-icons un-reacted\" href=\"javascript:void(0)\">\n                        <img decoding=\"async\" src=\"https:\/\/revistainteirada.com\/interamusic\/wp-content\/plugins\/booster-extension\/\/assets\/icon\/angry.svg\" alt=\"Angry\">\n                    <\/a>\n                    <div class=\"twp-reaction-title\">Angry<\/div>\n                    <div class=\"twp-count-percent\">\n                                                    <span style=\"display: none;\" class=\"twp-react-count\">0<\/span>\n                                                                        <span class=\"twp-react-percent\"><span>0<\/span> %<\/span>\n                        \n                    <\/div>\n                <\/div>\n\n                <div class=\"twp-reacts-wrap\">\n                    <a react-data=\"be-react-5\" post-id=\"2333\" class=\"be-face-icons un-reacted\" href=\"javascript:void(0)\">\n                        <img decoding=\"async\" src=\"https:\/\/revistainteirada.com\/interamusic\/wp-content\/plugins\/booster-extension\/\/assets\/icon\/surprise.svg\" alt=\"Surprise\">\n                    <\/a>\n                    <div class=\"twp-reaction-title\">Surprise<\/div>\n                    <div class=\"twp-count-percent\">\n                                                    <span style=\"display: none;\" class=\"twp-react-count\">0<\/span>\n                                                                        <span class=\"twp-react-percent\"><span>0<\/span> %<\/span>\n                                            <\/div>\n                <\/div>\n\n            <\/div>\n        <\/div>\n\n    ","protected":false},"excerpt":{"rendered":"<p>A obra de Gal Costa volta ao palco em Salvador em um espet\u00e1culo que re\u00fane dois marcos da m\u00fasica brasileira: os 50 anos do \u00e1lbum Gal canta Caymmi e a celebra\u00e7\u00e3o dos 81 anos que a cantora completaria em setembro de 2026. A homenagem ser\u00e1 conduzida pela cantora Lav\u00ednia, que apresenta o espet\u00e1culo Lav\u00ednia em [&hellip;]<\/p>\n","protected":false},"author":1,"featured_media":2334,"comment_status":"open","ping_status":"open","sticky":false,"template":"","format":"standard","meta":{"_jetpack_newsletter_access":"","_jetpack_dont_email_post_to_subs":false,"_jetpack_newsletter_tier_id":0,"_jetpack_memberships_contains_paywalled_content":false,"_jetpack_feature_clip_id":0,"_jetpack_memberships_contains_paid_content":false,"footnotes":"","jetpack_post_was_ever_published":false},"categories":[5],"tags":[],"class_list":["post-2333","post","type-post","status-publish","format-standard","has-post-thumbnail","hentry","category-shows"],"yoast_head":"<!-- This site is optimized with the Yoast SEO plugin v28.4 - https:\/\/yoast.com\/product\/yoast-seo-wordpress\/ -->\n<title>Gal Costa ganha homenagem em Salvador com releitura de \u00e1lbum dedicado a Dorival Caymmi - InteraMusic<\/title>\n<meta name=\"robots\" content=\"index, follow, max-snippet:-1, max-image-preview:large, max-video-preview:-1\" \/>\n<link rel=\"canonical\" href=\"https:\/\/revistainteirada.com\/interamusic\/2026\/09\/05\/gal-costa-ganha-homenagem-em-salvador-com-releitura-de-album-dedicado-a-dorival-caymmi\/\" \/>\n<meta property=\"og:locale\" content=\"pt_BR\" \/>\n<meta property=\"og:type\" content=\"article\" \/>\n<meta property=\"og:title\" content=\"Gal Costa ganha homenagem em Salvador com releitura de \u00e1lbum dedicado a Dorival Caymmi - InteraMusic\" \/>\n<meta property=\"og:description\" content=\"A obra de Gal Costa volta ao palco em Salvador em um espet\u00e1culo que re\u00fane dois marcos da m\u00fasica brasileira: os 50 anos do \u00e1lbum Gal canta Caymmi e a celebra\u00e7\u00e3o dos 81 anos que a cantora completaria em setembro de 2026. A homenagem ser\u00e1 conduzida pela cantora Lav\u00ednia, que apresenta o espet\u00e1culo Lav\u00ednia em [&hellip;]\" \/>\n<meta property=\"og:url\" content=\"https:\/\/revistainteirada.com\/interamusic\/2026\/09\/05\/gal-costa-ganha-homenagem-em-salvador-com-releitura-de-album-dedicado-a-dorival-caymmi\/\" \/>\n<meta property=\"og:site_name\" content=\"InteraMusic\" \/>\n<meta property=\"article:publisher\" content=\"https:\/\/instagram.com\/intera.music\" \/>\n<meta property=\"article:published_time\" content=\"2026-09-05T18:00:18+00:00\" \/>\n<meta property=\"article:modified_time\" content=\"2026-09-05T18:00:19+00:00\" \/>\n<meta property=\"og:image\" content=\"https:\/\/revistainteirada.com\/interamusic\/wp-content\/uploads\/2026\/09\/1000164552.jpg\" \/>\n\t<meta property=\"og:image:width\" content=\"783\" \/>\n\t<meta property=\"og:image:height\" content=\"391\" \/>\n\t<meta property=\"og:image:type\" content=\"image\/jpeg\" \/>\n<meta name=\"author\" content=\"InteraMusic\" \/>\n<meta name=\"twitter:card\" content=\"summary_large_image\" \/>\n<meta name=\"twitter:label1\" content=\"Escrito por\" \/>\n\t<meta name=\"twitter:data1\" content=\"InteraMusic\" \/>\n\t<meta name=\"twitter:label2\" content=\"Est. tempo de leitura\" \/>\n\t<meta name=\"twitter:data2\" content=\"3 minutos\" \/>\n<script type=\"application\/ld+json\" class=\"yoast-schema-graph\">{\"@context\":\"https:\\\/\\\/schema.org\",\"@graph\":[{\"@type\":\"Article\",\"@id\":\"https:\\\/\\\/revistainteirada.com\\\/interamusic\\\/2026\\\/09\\\/05\\\/gal-costa-ganha-homenagem-em-salvador-com-releitura-de-album-dedicado-a-dorival-caymmi\\\/#article\",\"isPartOf\":{\"@id\":\"https:\\\/\\\/revistainteirada.com\\\/interamusic\\\/2026\\\/09\\\/05\\\/gal-costa-ganha-homenagem-em-salvador-com-releitura-de-album-dedicado-a-dorival-caymmi\\\/\"},\"author\":{\"name\":\"InteraMusic\",\"@id\":\"https:\\\/\\\/revistainteirada.com\\\/interamusic\\\/#\\\/schema\\\/person\\\/63927576982eabb62afca0b99babccd5\"},\"headline\":\"Gal Costa ganha homenagem em Salvador com releitura de \u00e1lbum dedicado a Dorival Caymmi\",\"datePublished\":\"2026-09-05T18:00:18+00:00\",\"dateModified\":\"2026-09-05T18:00:19+00:00\",\"mainEntityOfPage\":{\"@id\":\"https:\\\/\\\/revistainteirada.com\\\/interamusic\\\/2026\\\/09\\\/05\\\/gal-costa-ganha-homenagem-em-salvador-com-releitura-de-album-dedicado-a-dorival-caymmi\\\/\"},\"wordCount\":550,\"commentCount\":0,\"publisher\":{\"@id\":\"https:\\\/\\\/revistainteirada.com\\\/interamusic\\\/#organization\"},\"image\":{\"@id\":\"https:\\\/\\\/revistainteirada.com\\\/interamusic\\\/2026\\\/09\\\/05\\\/gal-costa-ganha-homenagem-em-salvador-com-releitura-de-album-dedicado-a-dorival-caymmi\\\/#primaryimage\"},\"thumbnailUrl\":\"https:\\\/\\\/i0.wp.com\\\/revistainteirada.com\\\/interamusic\\\/wp-content\\\/uploads\\\/2026\\\/09\\\/1000164552.jpg?fit=783%2C391&ssl=1\",\"articleSection\":[\"Shows\"],\"inLanguage\":\"pt-BR\",\"potentialAction\":[{\"@type\":\"CommentAction\",\"name\":\"Comment\",\"target\":[\"https:\\\/\\\/revistainteirada.com\\\/interamusic\\\/2026\\\/09\\\/05\\\/gal-costa-ganha-homenagem-em-salvador-com-releitura-de-album-dedicado-a-dorival-caymmi\\\/#respond\"]}]},{\"@type\":\"WebPage\",\"@id\":\"https:\\\/\\\/revistainteirada.com\\\/interamusic\\\/2026\\\/09\\\/05\\\/gal-costa-ganha-homenagem-em-salvador-com-releitura-de-album-dedicado-a-dorival-caymmi\\\/\",\"url\":\"https:\\\/\\\/revistainteirada.com\\\/interamusic\\\/2026\\\/09\\\/05\\\/gal-costa-ganha-homenagem-em-salvador-com-releitura-de-album-dedicado-a-dorival-caymmi\\\/\",\"name\":\"Gal Costa ganha homenagem em Salvador com releitura de \u00e1lbum dedicado a Dorival Caymmi - InteraMusic\",\"isPartOf\":{\"@id\":\"https:\\\/\\\/revistainteirada.com\\\/interamusic\\\/#website\"},\"primaryImageOfPage\":{\"@id\":\"https:\\\/\\\/revistainteirada.com\\\/interamusic\\\/2026\\\/09\\\/05\\\/gal-costa-ganha-homenagem-em-salvador-com-releitura-de-album-dedicado-a-dorival-caymmi\\\/#primaryimage\"},\"image\":{\"@id\":\"https:\\\/\\\/revistainteirada.com\\\/interamusic\\\/2026\\\/09\\\/05\\\/gal-costa-ganha-homenagem-em-salvador-com-releitura-de-album-dedicado-a-dorival-caymmi\\\/#primaryimage\"},\"thumbnailUrl\":\"https:\\\/\\\/i0.wp.com\\\/revistainteirada.com\\\/interamusic\\\/wp-content\\\/uploads\\\/2026\\\/09\\\/1000164552.jpg?fit=783%2C391&ssl=1\",\"datePublished\":\"2026-09-05T18:00:18+00:00\",\"dateModified\":\"2026-09-05T18:00:19+00:00\",\"breadcrumb\":{\"@id\":\"https:\\\/\\\/revistainteirada.com\\\/interamusic\\\/2026\\\/09\\\/05\\\/gal-costa-ganha-homenagem-em-salvador-com-releitura-de-album-dedicado-a-dorival-caymmi\\\/#breadcrumb\"},\"inLanguage\":\"pt-BR\",\"potentialAction\":[{\"@type\":\"ReadAction\",\"target\":[\"https:\\\/\\\/revistainteirada.com\\\/interamusic\\\/2026\\\/09\\\/05\\\/gal-costa-ganha-homenagem-em-salvador-com-releitura-de-album-dedicado-a-dorival-caymmi\\\/\"]}]},{\"@type\":\"ImageObject\",\"inLanguage\":\"pt-BR\",\"@id\":\"https:\\\/\\\/revistainteirada.com\\\/interamusic\\\/2026\\\/09\\\/05\\\/gal-costa-ganha-homenagem-em-salvador-com-releitura-de-album-dedicado-a-dorival-caymmi\\\/#primaryimage\",\"url\":\"https:\\\/\\\/i0.wp.com\\\/revistainteirada.com\\\/interamusic\\\/wp-content\\\/uploads\\\/2026\\\/09\\\/1000164552.jpg?fit=783%2C391&ssl=1\",\"contentUrl\":\"https:\\\/\\\/i0.wp.com\\\/revistainteirada.com\\\/interamusic\\\/wp-content\\\/uploads\\\/2026\\\/09\\\/1000164552.jpg?fit=783%2C391&ssl=1\",\"width\":783,\"height\":391},{\"@type\":\"BreadcrumbList\",\"@id\":\"https:\\\/\\\/revistainteirada.com\\\/interamusic\\\/2026\\\/09\\\/05\\\/gal-costa-ganha-homenagem-em-salvador-com-releitura-de-album-dedicado-a-dorival-caymmi\\\/#breadcrumb\",\"itemListElement\":[{\"@type\":\"ListItem\",\"position\":1,\"name\":\"In\u00edcio\",\"item\":\"https:\\\/\\\/revistainteirada.com\\\/interamusic\\\/\"},{\"@type\":\"ListItem\",\"position\":2,\"name\":\"Gal Costa ganha homenagem em Salvador com releitura de \u00e1lbum dedicado a Dorival Caymmi\"}]},{\"@type\":\"WebSite\",\"@id\":\"https:\\\/\\\/revistainteirada.com\\\/interamusic\\\/#website\",\"url\":\"https:\\\/\\\/revistainteirada.com\\\/interamusic\\\/\",\"name\":\"InteraMusic\",\"description\":\"Not\u00edcias sobre o mundo da m\u00fasica\",\"publisher\":{\"@id\":\"https:\\\/\\\/revistainteirada.com\\\/interamusic\\\/#organization\"},\"potentialAction\":[{\"@type\":\"SearchAction\",\"target\":{\"@type\":\"EntryPoint\",\"urlTemplate\":\"https:\\\/\\\/revistainteirada.com\\\/interamusic\\\/?s={search_term_string}\"},\"query-input\":{\"@type\":\"PropertyValueSpecification\",\"valueRequired\":true,\"valueName\":\"search_term_string\"}}],\"inLanguage\":\"pt-BR\"},{\"@type\":\"Organization\",\"@id\":\"https:\\\/\\\/revistainteirada.com\\\/interamusic\\\/#organization\",\"name\":\"InteraMusic\",\"url\":\"https:\\\/\\\/revistainteirada.com\\\/interamusic\\\/\",\"logo\":{\"@type\":\"ImageObject\",\"inLanguage\":\"pt-BR\",\"@id\":\"https:\\\/\\\/revistainteirada.com\\\/interamusic\\\/#\\\/schema\\\/logo\\\/image\\\/\",\"url\":\"https:\\\/\\\/i0.wp.com\\\/revistainteirada.com\\\/interamusic\\\/wp-content\\\/uploads\\\/2025\\\/01\\\/InteraMusic.png?fit=306%2C197&ssl=1\",\"contentUrl\":\"https:\\\/\\\/i0.wp.com\\\/revistainteirada.com\\\/interamusic\\\/wp-content\\\/uploads\\\/2025\\\/01\\\/InteraMusic.png?fit=306%2C197&ssl=1\",\"width\":306,\"height\":197,\"caption\":\"InteraMusic\"},\"image\":{\"@id\":\"https:\\\/\\\/revistainteirada.com\\\/interamusic\\\/#\\\/schema\\\/logo\\\/image\\\/\"},\"sameAs\":[\"https:\\\/\\\/instagram.com\\\/intera.music\"]},{\"@type\":\"Person\",\"@id\":\"https:\\\/\\\/revistainteirada.com\\\/interamusic\\\/#\\\/schema\\\/person\\\/63927576982eabb62afca0b99babccd5\",\"name\":\"InteraMusic\",\"image\":{\"@type\":\"ImageObject\",\"inLanguage\":\"pt-BR\",\"@id\":\"https:\\\/\\\/secure.gravatar.com\\\/avatar\\\/9fb1c885baf7f4510bcee96135b4213e714ef269218aa30a4d7fe09a992912a6?s=96&d=mm&r=g\",\"url\":\"https:\\\/\\\/secure.gravatar.com\\\/avatar\\\/9fb1c885baf7f4510bcee96135b4213e714ef269218aa30a4d7fe09a992912a6?s=96&d=mm&r=g\",\"contentUrl\":\"https:\\\/\\\/secure.gravatar.com\\\/avatar\\\/9fb1c885baf7f4510bcee96135b4213e714ef269218aa30a4d7fe09a992912a6?s=96&d=mm&r=g\",\"caption\":\"InteraMusic\"},\"sameAs\":[\"https:\\\/\\\/revistainteirada.com\\\/interamusic\"],\"url\":\"https:\\\/\\\/revistainteirada.com\\\/interamusic\\\/author\\\/admin\\\/\"}]}<\/script>\n<!-- \/ Yoast SEO plugin. -->","yoast_head_json":{"title":"Gal Costa ganha homenagem em Salvador com releitura de \u00e1lbum dedicado a Dorival Caymmi - InteraMusic","robots":{"index":"index","follow":"follow","max-snippet":"max-snippet:-1","max-image-preview":"max-image-preview:large","max-video-preview":"max-video-preview:-1"},"canonical":"https:\/\/revistainteirada.com\/interamusic\/2026\/09\/05\/gal-costa-ganha-homenagem-em-salvador-com-releitura-de-album-dedicado-a-dorival-caymmi\/","og_locale":"pt_BR","og_type":"article","og_title":"Gal Costa ganha homenagem em Salvador com releitura de \u00e1lbum dedicado a Dorival Caymmi - InteraMusic","og_description":"A obra de Gal Costa volta ao palco em Salvador em um espet\u00e1culo que re\u00fane dois marcos da m\u00fasica brasileira: os 50 anos do \u00e1lbum Gal canta Caymmi e a celebra\u00e7\u00e3o dos 81 anos que a cantora completaria em setembro de 2026. A homenagem ser\u00e1 conduzida pela cantora Lav\u00ednia, que apresenta o espet\u00e1culo Lav\u00ednia em [&hellip;]","og_url":"https:\/\/revistainteirada.com\/interamusic\/2026\/09\/05\/gal-costa-ganha-homenagem-em-salvador-com-releitura-de-album-dedicado-a-dorival-caymmi\/","og_site_name":"InteraMusic","article_publisher":"https:\/\/instagram.com\/intera.music","article_published_time":"2026-09-05T18:00:18+00:00","article_modified_time":"2026-09-05T18:00:19+00:00","og_image":[{"width":783,"height":391,"url":"https:\/\/revistainteirada.com\/interamusic\/wp-content\/uploads\/2026\/09\/1000164552.jpg","type":"image\/jpeg"}],"author":"InteraMusic","twitter_card":"summary_large_image","twitter_misc":{"Escrito por":"InteraMusic","Est. tempo de leitura":"3 minutos"},"schema":{"@context":"https:\/\/schema.org","@graph":[{"@type":"Article","@id":"https:\/\/revistainteirada.com\/interamusic\/2026\/09\/05\/gal-costa-ganha-homenagem-em-salvador-com-releitura-de-album-dedicado-a-dorival-caymmi\/#article","isPartOf":{"@id":"https:\/\/revistainteirada.com\/interamusic\/2026\/09\/05\/gal-costa-ganha-homenagem-em-salvador-com-releitura-de-album-dedicado-a-dorival-caymmi\/"},"author":{"name":"InteraMusic","@id":"https:\/\/revistainteirada.com\/interamusic\/#\/schema\/person\/63927576982eabb62afca0b99babccd5"},"headline":"Gal Costa ganha homenagem em Salvador com releitura de \u00e1lbum dedicado a Dorival Caymmi","datePublished":"2026-09-05T18:00:18+00:00","dateModified":"2026-09-05T18:00:19+00:00","mainEntityOfPage":{"@id":"https:\/\/revistainteirada.com\/interamusic\/2026\/09\/05\/gal-costa-ganha-homenagem-em-salvador-com-releitura-de-album-dedicado-a-dorival-caymmi\/"},"wordCount":550,"commentCount":0,"publisher":{"@id":"https:\/\/revistainteirada.com\/interamusic\/#organization"},"image":{"@id":"https:\/\/revistainteirada.com\/interamusic\/2026\/09\/05\/gal-costa-ganha-homenagem-em-salvador-com-releitura-de-album-dedicado-a-dorival-caymmi\/#primaryimage"},"thumbnailUrl":"https:\/\/i0.wp.com\/revistainteirada.com\/interamusic\/wp-content\/uploads\/2026\/09\/1000164552.jpg?fit=783%2C391&ssl=1","articleSection":["Shows"],"inLanguage":"pt-BR","potentialAction":[{"@type":"CommentAction","name":"Comment","target":["https:\/\/revistainteirada.com\/interamusic\/2026\/09\/05\/gal-costa-ganha-homenagem-em-salvador-com-releitura-de-album-dedicado-a-dorival-caymmi\/#respond"]}]},{"@type":"WebPage","@id":"https:\/\/revistainteirada.com\/interamusic\/2026\/09\/05\/gal-costa-ganha-homenagem-em-salvador-com-releitura-de-album-dedicado-a-dorival-caymmi\/","url":"https:\/\/revistainteirada.com\/interamusic\/2026\/09\/05\/gal-costa-ganha-homenagem-em-salvador-com-releitura-de-album-dedicado-a-dorival-caymmi\/","name":"Gal Costa ganha homenagem em Salvador com releitura de \u00e1lbum dedicado a Dorival Caymmi - InteraMusic","isPartOf":{"@id":"https:\/\/revistainteirada.com\/interamusic\/#website"},"primaryImageOfPage":{"@id":"https:\/\/revistainteirada.com\/interamusic\/2026\/09\/05\/gal-costa-ganha-homenagem-em-salvador-com-releitura-de-album-dedicado-a-dorival-caymmi\/#primaryimage"},"image":{"@id":"https:\/\/revistainteirada.com\/interamusic\/2026\/09\/05\/gal-costa-ganha-homenagem-em-salvador-com-releitura-de-album-dedicado-a-dorival-caymmi\/#primaryimage"},"thumbnailUrl":"https:\/\/i0.wp.com\/revistainteirada.com\/interamusic\/wp-content\/uploads\/2026\/09\/1000164552.jpg?fit=783%2C391&ssl=1","datePublished":"2026-09-05T18:00:18+00:00","dateModified":"2026-09-05T18:00:19+00:00","breadcrumb":{"@id":"https:\/\/revistainteirada.com\/interamusic\/2026\/09\/05\/gal-costa-ganha-homenagem-em-salvador-com-releitura-de-album-dedicado-a-dorival-caymmi\/#breadcrumb"},"inLanguage":"pt-BR","potentialAction":[{"@type":"ReadAction","target":["https:\/\/revistainteirada.com\/interamusic\/2026\/09\/05\/gal-costa-ganha-homenagem-em-salvador-com-releitura-de-album-dedicado-a-dorival-caymmi\/"]}]},{"@type":"ImageObject","inLanguage":"pt-BR","@id":"https:\/\/revistainteirada.com\/interamusic\/2026\/09\/05\/gal-costa-ganha-homenagem-em-salvador-com-releitura-de-album-dedicado-a-dorival-caymmi\/#primaryimage","url":"https:\/\/i0.wp.com\/revistainteirada.com\/interamusic\/wp-content\/uploads\/2026\/09\/1000164552.jpg?fit=783%2C391&ssl=1","contentUrl":"https:\/\/i0.wp.com\/revistainteirada.com\/interamusic\/wp-content\/uploads\/2026\/09\/1000164552.jpg?fit=783%2C391&ssl=1","width":783,"height":391},{"@type":"BreadcrumbList","@id":"https:\/\/revistainteirada.com\/interamusic\/2026\/09\/05\/gal-costa-ganha-homenagem-em-salvador-com-releitura-de-album-dedicado-a-dorival-caymmi\/#breadcrumb","itemListElement":[{"@type":"ListItem","position":1,"name":"In\u00edcio","item":"https:\/\/revistainteirada.com\/interamusic\/"},{"@type":"ListItem","position":2,"name":"Gal Costa ganha homenagem em Salvador com releitura de \u00e1lbum dedicado a Dorival Caymmi"}]},{"@type":"WebSite","@id":"https:\/\/revistainteirada.com\/interamusic\/#website","url":"https:\/\/revistainteirada.com\/interamusic\/","name":"InteraMusic","description":"Not\u00edcias sobre o mundo da m\u00fasica","publisher":{"@id":"https:\/\/revistainteirada.com\/interamusic\/#organization"},"potentialAction":[{"@type":"SearchAction","target":{"@type":"EntryPoint","urlTemplate":"https:\/\/revistainteirada.com\/interamusic\/?s={search_term_string}"},"query-input":{"@type":"PropertyValueSpecification","valueRequired":true,"valueName":"search_term_string"}}],"inLanguage":"pt-BR"},{"@type":"Organization","@id":"https:\/\/revistainteirada.com\/interamusic\/#organization","name":"InteraMusic","url":"https:\/\/revistainteirada.com\/interamusic\/","logo":{"@type":"ImageObject","inLanguage":"pt-BR","@id":"https:\/\/revistainteirada.com\/interamusic\/#\/schema\/logo\/image\/","url":"https:\/\/i0.wp.com\/revistainteirada.com\/interamusic\/wp-content\/uploads\/2025\/01\/InteraMusic.png?fit=306%2C197&ssl=1","contentUrl":"https:\/\/i0.wp.com\/revistainteirada.com\/interamusic\/wp-content\/uploads\/2025\/01\/InteraMusic.png?fit=306%2C197&ssl=1","width":306,"height":197,"caption":"InteraMusic"},"image":{"@id":"https:\/\/revistainteirada.com\/interamusic\/#\/schema\/logo\/image\/"},"sameAs":["https:\/\/instagram.com\/intera.music"]},{"@type":"Person","@id":"https:\/\/revistainteirada.com\/interamusic\/#\/schema\/person\/63927576982eabb62afca0b99babccd5","name":"InteraMusic","image":{"@type":"ImageObject","inLanguage":"pt-BR","@id":"https:\/\/secure.gravatar.com\/avatar\/9fb1c885baf7f4510bcee96135b4213e714ef269218aa30a4d7fe09a992912a6?s=96&d=mm&r=g","url":"https:\/\/secure.gravatar.com\/avatar\/9fb1c885baf7f4510bcee96135b4213e714ef269218aa30a4d7fe09a992912a6?s=96&d=mm&r=g","contentUrl":"https:\/\/secure.gravatar.com\/avatar\/9fb1c885baf7f4510bcee96135b4213e714ef269218aa30a4d7fe09a992912a6?s=96&d=mm&r=g","caption":"InteraMusic"},"sameAs":["https:\/\/revistainteirada.com\/interamusic"],"url":"https:\/\/revistainteirada.com\/interamusic\/author\/admin\/"}]}},"jetpack_sharing_enabled":true,"jetpack_featured_media_url":"https:\/\/i0.wp.com\/revistainteirada.com\/interamusic\/wp-content\/uploads\/2026\/09\/1000164552.jpg?fit=783%2C391&ssl=1","_links":{"self":[{"href":"https:\/\/revistainteirada.com\/interamusic\/wp-json\/wp\/v2\/posts\/2333","targetHints":{"allow":["GET"]}}],"collection":[{"href":"https:\/\/revistainteirada.com\/interamusic\/wp-json\/wp\/v2\/posts"}],"about":[{"href":"https:\/\/revistainteirada.com\/interamusic\/wp-json\/wp\/v2\/types\/post"}],"author":[{"embeddable":true,"href":"https:\/\/revistainteirada.com\/interamusic\/wp-json\/wp\/v2\/users\/1"}],"replies":[{"embeddable":true,"href":"https:\/\/revistainteirada.com\/interamusic\/wp-json\/wp\/v2\/comments?post=2333"}],"version-history":[{"count":1,"href":"https:\/\/revistainteirada.com\/interamusic\/wp-json\/wp\/v2\/posts\/2333\/revisions"}],"predecessor-version":[{"id":2335,"href":"https:\/\/revistainteirada.com\/interamusic\/wp-json\/wp\/v2\/posts\/2333\/revisions\/2335"}],"wp:featuredmedia":[{"embeddable":true,"href":"https:\/\/revistainteirada.com\/interamusic\/wp-json\/wp\/v2\/media\/2334"}],"wp:attachment":[{"href":"https:\/\/revistainteirada.com\/interamusic\/wp-json\/wp\/v2\/media?parent=2333"}],"wp:term":[{"taxonomy":"category","embeddable":true,"href":"https:\/\/revistainteirada.com\/interamusic\/wp-json\/wp\/v2\/categories?post=2333"},{"taxonomy":"post_tag","embeddable":true,"href":"https:\/\/revistainteirada.com\/interamusic\/wp-json\/wp\/v2\/tags?post=2333"}],"curies":[{"name":"wp","href":"https:\/\/api.w.org\/{rel}","templated":true}]}}