{"id":2328,"date":"2026-09-05T14:47:43","date_gmt":"2026-09-05T17:47:43","guid":{"rendered":"https:\/\/revistainteirada.com\/interamusic\/?p=2328"},"modified":"2026-09-05T14:49:24","modified_gmt":"2026-09-05T17:49:24","slug":"alceu-valenca-e-orquestra-ouro-preto-fazem-show-gratuito-no-ibirapuera","status":"publish","type":"post","link":"https:\/\/revistainteirada.com\/interamusic\/2026\/09\/05\/alceu-valenca-e-orquestra-ouro-preto-fazem-show-gratuito-no-ibirapuera\/","title":{"rendered":"Alceu Valen\u00e7a e Orquestra Ouro Preto fazem show gratuito no Ibirapuera"},"content":{"rendered":"<div class='booster-block booster-read-block'>\n                <div class=\"twp-read-time\">\n                \t<i class=\"booster-icon twp-clock\"><\/i> <span>Read Time:<\/span>2 Minute, 5 Second                <\/div>\n\n            <\/div>\n<p class=\"wp-block-paragraph\"><\/p>\n\n\n\n<p class=\"wp-block-paragraph\">S\u00e3o Paulo recebe, no pr\u00f3ximo dia 13 de setembro, um encontro que aproxima a m\u00fasica popular brasileira da tradi\u00e7\u00e3o sinf\u00f4nica. Alceu Valen\u00e7a e a Orquestra Ouro Preto se apresentam gratuitamente no Audit\u00f3rio Externo do Parque Ibirapuera, na Zona Sul da capital, dentro da programa\u00e7\u00e3o do SulAm\u00e9rica Sessions.<\/p>\n\n\n\n<p class=\"wp-block-paragraph\">O espet\u00e1culo come\u00e7a \u00e0s 18h30, com abertura dos port\u00f5es \u00e0s 17h. N\u00e3o \u00e9 necess\u00e1rio retirar ingressos antecipadamente, mas o acesso est\u00e1 sujeito \u00e0 lota\u00e7\u00e3o do espa\u00e7o, que comporta at\u00e9 9 mil pessoas. A entrada ser\u00e1 realizada pelos port\u00f5es 2 e 10.<\/p>\n\n\n\n<p class=\"wp-block-paragraph\">A noite ser\u00e1 dividida em dois momentos. A Orquestra Ouro Preto abre a programa\u00e7\u00e3o com \u201cGonzag\u00e3o: Concerto para Cordas e Trio P\u00e9 de Serra\u201d, trabalho dedicado \u00e0 obra de Luiz Gonzaga. Com reg\u00eancia do maestro Rodrigo Toffolo e arranjos de Mateus Freire, o projeto combina instrumentos de cordas com sanfona, zabumba e tri\u00e2ngulo, aproximando a linguagem orquestral dos ritmos nordestinos.<\/p>\n\n\n\n<p class=\"wp-block-paragraph\">Na sequ\u00eancia, Alceu Valen\u00e7a sobe ao palco para revisitar can\u00e7\u00f5es que atravessam sua trajet\u00f3ria art\u00edstica. O repert\u00f3rio parte da produ\u00e7\u00e3o do compositor pernambucano e ganha a dimens\u00e3o dos arranjos da Orquestra Ouro Preto, mantendo como eixo a conex\u00e3o entre a tradi\u00e7\u00e3o musical nordestina e diferentes possibilidades da escrita orquestral.<\/p>\n\n\n\n<p class=\"wp-block-paragraph\">A parceria entre Alceu e a Orquestra n\u00e3o \u00e9 recente. O encontro art\u00edstico deu origem ao projeto \u201cValencianas\u201d, que transformou m\u00fasicas do cantor em repert\u00f3rio para forma\u00e7\u00e3o orquestral. A colabora\u00e7\u00e3o tamb\u00e9m resultou em \u201cValencianas II\u201d, ampliando a pesquisa sobre as possibilidades de di\u00e1logo entre a obra de Alceu e a m\u00fasica de concerto.<\/p>\n\n\n\n<p class=\"wp-block-paragraph\">O espet\u00e1culo em S\u00e3o Paulo integra o SulAm\u00e9rica Sessions, s\u00e9rie de concertos gratuitos que aposta justamente no encontro entre artistas da m\u00fasica popular e forma\u00e7\u00f5es orquestrais. A temporada de 2026 come\u00e7ou em Belo Horizonte com a Orquestra Ouro Preto e Carlinhos Brown e segue por outras cidades brasileiras.<\/p>\n\n\n\n<p class=\"wp-block-paragraph\">Al\u00e9m de celebrar o repert\u00f3rio de Alceu Valen\u00e7a, a apresenta\u00e7\u00e3o no Ibirapuera coloca em evid\u00eancia uma tend\u00eancia importante da cena musical brasileira: a cria\u00e7\u00e3o de novas leituras para repert\u00f3rios populares a partir da linguagem sinf\u00f4nica. No caso da parceria com a Orquestra Ouro Preto, essa aproxima\u00e7\u00e3o ganha ainda uma dimens\u00e3o regional, ao colocar elementos da m\u00fasica nordestina em di\u00e1logo com instrumentos e procedimentos associados \u00e0 tradi\u00e7\u00e3o orquestral.<\/p>\n\n\n\n<p class=\"wp-block-paragraph\"><strong>Servi\u00e7o<\/strong><\/p>\n\n\n\n<p class=\"wp-block-paragraph\"><strong>Alceu Valen\u00e7a e Orquestra Ouro Preto<\/strong><br> 13 de setembro de 2026, domingo<br> 18h30 \u2014 abertura dos port\u00f5es \u00e0s 17h<br> Audit\u00f3rio Externo do Parque Ibirapuera \u2014 S\u00e3o Paulo<br> Entrada gratuita, sem necessidade de retirada de ingresso<br> Capacidade: 9 mil pessoas<br> Acesso para pessoas com defici\u00eancia pelo Port\u00e3o 2, com tradu\u00e7\u00e3o em Libras.<\/p>\n\n\n\n<p class=\"wp-block-paragraph\"><\/p>\n        <div class=\"booster-block booster-reactions-block\">\n            <div class=\"twp-reactions-icons\">\n                \n                <div class=\"twp-reacts-wrap\">\n                    <a react-data=\"be-react-1\" post-id=\"2328\" class=\"be-face-icons un-reacted\" href=\"javascript:void(0)\">\n                        <img decoding=\"async\" src=\"https:\/\/revistainteirada.com\/interamusic\/wp-content\/plugins\/booster-extension\/\/assets\/icon\/happy.svg\" alt=\"Happy\">\n                    <\/a>\n                    <div class=\"twp-reaction-title\">\n                        Happy                    <\/div>\n                    <div class=\"twp-count-percent\">\n                                                    <span style=\"display: none;\" class=\"twp-react-count\">0<\/span>\n                        \n                                                <span class=\"twp-react-percent\"><span>0<\/span> %<\/span>\n                                            <\/div>\n                <\/div>\n\n                <div class=\"twp-reacts-wrap\">\n                    <a react-data=\"be-react-2\" post-id=\"2328\" class=\"be-face-icons un-reacted\" href=\"javascript:void(0)\">\n                        <img decoding=\"async\" src=\"https:\/\/revistainteirada.com\/interamusic\/wp-content\/plugins\/booster-extension\/\/assets\/icon\/sad.svg\" alt=\"Sad\">\n                    <\/a>\n                    <div class=\"twp-reaction-title\">\n                        Sad                    <\/div>\n                    <div class=\"twp-count-percent\">\n                                                    <span style=\"display: none;\" class=\"twp-react-count\">0<\/span>\n                                                                        <span class=\"twp-react-percent\"><span>0<\/span> %<\/span>\n                                            <\/div>\n                <\/div>\n\n                <div class=\"twp-reacts-wrap\">\n                    <a react-data=\"be-react-3\" post-id=\"2328\" class=\"be-face-icons un-reacted\" href=\"javascript:void(0)\">\n                        <img decoding=\"async\" src=\"https:\/\/revistainteirada.com\/interamusic\/wp-content\/plugins\/booster-extension\/\/assets\/icon\/excited.svg\" alt=\"Excited\">\n                    <\/a>\n                    <div class=\"twp-reaction-title\">\n                        Excited                    <\/div>\n                    <div class=\"twp-count-percent\">\n                                                    <span style=\"display: none;\" class=\"twp-react-count\">0<\/span>\n                                                                        <span class=\"twp-react-percent\"><span>0<\/span> %<\/span>\n                                            <\/div>\n                <\/div>\n\n                <div class=\"twp-reacts-wrap\">\n                    <a react-data=\"be-react-6\" post-id=\"2328\" class=\"be-face-icons un-reacted\" href=\"javascript:void(0)\">\n                        <img decoding=\"async\" src=\"https:\/\/revistainteirada.com\/interamusic\/wp-content\/plugins\/booster-extension\/\/assets\/icon\/sleepy.svg\" alt=\"Sleepy\">\n                    <\/a>\n                    <div class=\"twp-reaction-title\">\n                        Sleepy                    <\/div>\n                    <div class=\"twp-count-percent\">\n                                                    <span style=\"display: none;\" class=\"twp-react-count\">0<\/span>\n                        \n                                                <span class=\"twp-react-percent\"><span>0<\/span> %<\/span>\n                                            <\/div>\n                <\/div>\n\n                <div class=\"twp-reacts-wrap\">\n                    <a react-data=\"be-react-4\" post-id=\"2328\" class=\"be-face-icons un-reacted\" href=\"javascript:void(0)\">\n                        <img decoding=\"async\" src=\"https:\/\/revistainteirada.com\/interamusic\/wp-content\/plugins\/booster-extension\/\/assets\/icon\/angry.svg\" alt=\"Angry\">\n                    <\/a>\n                    <div class=\"twp-reaction-title\">Angry<\/div>\n                    <div class=\"twp-count-percent\">\n                                                    <span style=\"display: none;\" class=\"twp-react-count\">0<\/span>\n                                                                        <span class=\"twp-react-percent\"><span>0<\/span> %<\/span>\n                        \n                    <\/div>\n                <\/div>\n\n                <div class=\"twp-reacts-wrap\">\n                    <a react-data=\"be-react-5\" post-id=\"2328\" class=\"be-face-icons un-reacted\" href=\"javascript:void(0)\">\n                        <img decoding=\"async\" src=\"https:\/\/revistainteirada.com\/interamusic\/wp-content\/plugins\/booster-extension\/\/assets\/icon\/surprise.svg\" alt=\"Surprise\">\n                    <\/a>\n                    <div class=\"twp-reaction-title\">Surprise<\/div>\n                    <div class=\"twp-count-percent\">\n                                                    <span style=\"display: none;\" class=\"twp-react-count\">0<\/span>\n                                                                        <span class=\"twp-react-percent\"><span>0<\/span> %<\/span>\n                                            <\/div>\n                <\/div>\n\n            <\/div>\n        <\/div>\n\n    ","protected":false},"excerpt":{"rendered":"<p>S\u00e3o Paulo recebe, no pr\u00f3ximo dia 13 de setembro, um encontro que aproxima a m\u00fasica popular brasileira da tradi\u00e7\u00e3o sinf\u00f4nica. Alceu Valen\u00e7a e a Orquestra Ouro Preto se apresentam gratuitamente no Audit\u00f3rio Externo do Parque Ibirapuera, na Zona Sul da capital, dentro da programa\u00e7\u00e3o do SulAm\u00e9rica Sessions. O espet\u00e1culo come\u00e7a \u00e0s 18h30, com abertura dos [&hellip;]<\/p>\n","protected":false},"author":1,"featured_media":2330,"comment_status":"open","ping_status":"open","sticky":false,"template":"","format":"standard","meta":{"_jetpack_newsletter_access":"","_jetpack_dont_email_post_to_subs":false,"_jetpack_newsletter_tier_id":0,"_jetpack_memberships_contains_paywalled_content":false,"_jetpack_feature_clip_id":0,"_jetpack_memberships_contains_paid_content":false,"footnotes":"","jetpack_post_was_ever_published":false},"categories":[5],"tags":[],"class_list":["post-2328","post","type-post","status-publish","format-standard","has-post-thumbnail","hentry","category-shows"],"yoast_head":"<!-- This site is optimized with the Yoast SEO plugin v28.4 - https:\/\/yoast.com\/product\/yoast-seo-wordpress\/ -->\n<title>Alceu Valen\u00e7a e Orquestra Ouro Preto fazem show gratuito no Ibirapuera - InteraMusic<\/title>\n<meta name=\"robots\" content=\"index, follow, max-snippet:-1, max-image-preview:large, max-video-preview:-1\" \/>\n<link rel=\"canonical\" href=\"https:\/\/revistainteirada.com\/interamusic\/2026\/09\/05\/alceu-valenca-e-orquestra-ouro-preto-fazem-show-gratuito-no-ibirapuera\/\" \/>\n<meta property=\"og:locale\" content=\"pt_BR\" \/>\n<meta property=\"og:type\" content=\"article\" \/>\n<meta property=\"og:title\" content=\"Alceu Valen\u00e7a e Orquestra Ouro Preto fazem show gratuito no Ibirapuera - InteraMusic\" \/>\n<meta property=\"og:description\" content=\"S\u00e3o Paulo recebe, no pr\u00f3ximo dia 13 de setembro, um encontro que aproxima a m\u00fasica popular brasileira da tradi\u00e7\u00e3o sinf\u00f4nica. Alceu Valen\u00e7a e a Orquestra Ouro Preto se apresentam gratuitamente no Audit\u00f3rio Externo do Parque Ibirapuera, na Zona Sul da capital, dentro da programa\u00e7\u00e3o do SulAm\u00e9rica Sessions. O espet\u00e1culo come\u00e7a \u00e0s 18h30, com abertura dos [&hellip;]\" \/>\n<meta property=\"og:url\" content=\"https:\/\/revistainteirada.com\/interamusic\/2026\/09\/05\/alceu-valenca-e-orquestra-ouro-preto-fazem-show-gratuito-no-ibirapuera\/\" \/>\n<meta property=\"og:site_name\" content=\"InteraMusic\" \/>\n<meta property=\"article:publisher\" content=\"https:\/\/instagram.com\/intera.music\" \/>\n<meta property=\"article:published_time\" content=\"2026-09-05T17:47:43+00:00\" \/>\n<meta property=\"article:modified_time\" content=\"2026-09-05T17:49:24+00:00\" \/>\n<meta property=\"og:image\" content=\"https:\/\/revistainteirada.com\/interamusic\/wp-content\/uploads\/2026\/09\/1000164551.webp\" \/>\n\t<meta property=\"og:image:width\" content=\"1024\" \/>\n\t<meta property=\"og:image:height\" content=\"538\" \/>\n\t<meta property=\"og:image:type\" content=\"image\/webp\" \/>\n<meta name=\"author\" content=\"InteraMusic\" \/>\n<meta name=\"twitter:card\" content=\"summary_large_image\" \/>\n<meta name=\"twitter:label1\" content=\"Escrito por\" \/>\n\t<meta name=\"twitter:data1\" content=\"InteraMusic\" \/>\n\t<meta name=\"twitter:label2\" content=\"Est. tempo de leitura\" \/>\n\t<meta name=\"twitter:data2\" content=\"3 minutos\" \/>\n<script type=\"application\/ld+json\" class=\"yoast-schema-graph\">{\"@context\":\"https:\\\/\\\/schema.org\",\"@graph\":[{\"@type\":\"Article\",\"@id\":\"https:\\\/\\\/revistainteirada.com\\\/interamusic\\\/2026\\\/09\\\/05\\\/alceu-valenca-e-orquestra-ouro-preto-fazem-show-gratuito-no-ibirapuera\\\/#article\",\"isPartOf\":{\"@id\":\"https:\\\/\\\/revistainteirada.com\\\/interamusic\\\/2026\\\/09\\\/05\\\/alceu-valenca-e-orquestra-ouro-preto-fazem-show-gratuito-no-ibirapuera\\\/\"},\"author\":{\"name\":\"InteraMusic\",\"@id\":\"https:\\\/\\\/revistainteirada.com\\\/interamusic\\\/#\\\/schema\\\/person\\\/63927576982eabb62afca0b99babccd5\"},\"headline\":\"Alceu Valen\u00e7a e Orquestra Ouro Preto fazem show gratuito no Ibirapuera\",\"datePublished\":\"2026-09-05T17:47:43+00:00\",\"dateModified\":\"2026-09-05T17:49:24+00:00\",\"mainEntityOfPage\":{\"@id\":\"https:\\\/\\\/revistainteirada.com\\\/interamusic\\\/2026\\\/09\\\/05\\\/alceu-valenca-e-orquestra-ouro-preto-fazem-show-gratuito-no-ibirapuera\\\/\"},\"wordCount\":482,\"commentCount\":0,\"publisher\":{\"@id\":\"https:\\\/\\\/revistainteirada.com\\\/interamusic\\\/#organization\"},\"image\":{\"@id\":\"https:\\\/\\\/revistainteirada.com\\\/interamusic\\\/2026\\\/09\\\/05\\\/alceu-valenca-e-orquestra-ouro-preto-fazem-show-gratuito-no-ibirapuera\\\/#primaryimage\"},\"thumbnailUrl\":\"https:\\\/\\\/i0.wp.com\\\/revistainteirada.com\\\/interamusic\\\/wp-content\\\/uploads\\\/2026\\\/09\\\/1000164551.webp?fit=1024%2C538&ssl=1\",\"articleSection\":[\"Shows\"],\"inLanguage\":\"pt-BR\",\"potentialAction\":[{\"@type\":\"CommentAction\",\"name\":\"Comment\",\"target\":[\"https:\\\/\\\/revistainteirada.com\\\/interamusic\\\/2026\\\/09\\\/05\\\/alceu-valenca-e-orquestra-ouro-preto-fazem-show-gratuito-no-ibirapuera\\\/#respond\"]}]},{\"@type\":\"WebPage\",\"@id\":\"https:\\\/\\\/revistainteirada.com\\\/interamusic\\\/2026\\\/09\\\/05\\\/alceu-valenca-e-orquestra-ouro-preto-fazem-show-gratuito-no-ibirapuera\\\/\",\"url\":\"https:\\\/\\\/revistainteirada.com\\\/interamusic\\\/2026\\\/09\\\/05\\\/alceu-valenca-e-orquestra-ouro-preto-fazem-show-gratuito-no-ibirapuera\\\/\",\"name\":\"Alceu Valen\u00e7a e Orquestra Ouro Preto fazem show gratuito no Ibirapuera - InteraMusic\",\"isPartOf\":{\"@id\":\"https:\\\/\\\/revistainteirada.com\\\/interamusic\\\/#website\"},\"primaryImageOfPage\":{\"@id\":\"https:\\\/\\\/revistainteirada.com\\\/interamusic\\\/2026\\\/09\\\/05\\\/alceu-valenca-e-orquestra-ouro-preto-fazem-show-gratuito-no-ibirapuera\\\/#primaryimage\"},\"image\":{\"@id\":\"https:\\\/\\\/revistainteirada.com\\\/interamusic\\\/2026\\\/09\\\/05\\\/alceu-valenca-e-orquestra-ouro-preto-fazem-show-gratuito-no-ibirapuera\\\/#primaryimage\"},\"thumbnailUrl\":\"https:\\\/\\\/i0.wp.com\\\/revistainteirada.com\\\/interamusic\\\/wp-content\\\/uploads\\\/2026\\\/09\\\/1000164551.webp?fit=1024%2C538&ssl=1\",\"datePublished\":\"2026-09-05T17:47:43+00:00\",\"dateModified\":\"2026-09-05T17:49:24+00:00\",\"breadcrumb\":{\"@id\":\"https:\\\/\\\/revistainteirada.com\\\/interamusic\\\/2026\\\/09\\\/05\\\/alceu-valenca-e-orquestra-ouro-preto-fazem-show-gratuito-no-ibirapuera\\\/#breadcrumb\"},\"inLanguage\":\"pt-BR\",\"potentialAction\":[{\"@type\":\"ReadAction\",\"target\":[\"https:\\\/\\\/revistainteirada.com\\\/interamusic\\\/2026\\\/09\\\/05\\\/alceu-valenca-e-orquestra-ouro-preto-fazem-show-gratuito-no-ibirapuera\\\/\"]}]},{\"@type\":\"ImageObject\",\"inLanguage\":\"pt-BR\",\"@id\":\"https:\\\/\\\/revistainteirada.com\\\/interamusic\\\/2026\\\/09\\\/05\\\/alceu-valenca-e-orquestra-ouro-preto-fazem-show-gratuito-no-ibirapuera\\\/#primaryimage\",\"url\":\"https:\\\/\\\/i0.wp.com\\\/revistainteirada.com\\\/interamusic\\\/wp-content\\\/uploads\\\/2026\\\/09\\\/1000164551.webp?fit=1024%2C538&ssl=1\",\"contentUrl\":\"https:\\\/\\\/i0.wp.com\\\/revistainteirada.com\\\/interamusic\\\/wp-content\\\/uploads\\\/2026\\\/09\\\/1000164551.webp?fit=1024%2C538&ssl=1\",\"width\":1024,\"height\":538},{\"@type\":\"BreadcrumbList\",\"@id\":\"https:\\\/\\\/revistainteirada.com\\\/interamusic\\\/2026\\\/09\\\/05\\\/alceu-valenca-e-orquestra-ouro-preto-fazem-show-gratuito-no-ibirapuera\\\/#breadcrumb\",\"itemListElement\":[{\"@type\":\"ListItem\",\"position\":1,\"name\":\"In\u00edcio\",\"item\":\"https:\\\/\\\/revistainteirada.com\\\/interamusic\\\/\"},{\"@type\":\"ListItem\",\"position\":2,\"name\":\"Alceu Valen\u00e7a e Orquestra Ouro Preto fazem show gratuito no Ibirapuera\"}]},{\"@type\":\"WebSite\",\"@id\":\"https:\\\/\\\/revistainteirada.com\\\/interamusic\\\/#website\",\"url\":\"https:\\\/\\\/revistainteirada.com\\\/interamusic\\\/\",\"name\":\"InteraMusic\",\"description\":\"Not\u00edcias sobre o mundo da m\u00fasica\",\"publisher\":{\"@id\":\"https:\\\/\\\/revistainteirada.com\\\/interamusic\\\/#organization\"},\"potentialAction\":[{\"@type\":\"SearchAction\",\"target\":{\"@type\":\"EntryPoint\",\"urlTemplate\":\"https:\\\/\\\/revistainteirada.com\\\/interamusic\\\/?s={search_term_string}\"},\"query-input\":{\"@type\":\"PropertyValueSpecification\",\"valueRequired\":true,\"valueName\":\"search_term_string\"}}],\"inLanguage\":\"pt-BR\"},{\"@type\":\"Organization\",\"@id\":\"https:\\\/\\\/revistainteirada.com\\\/interamusic\\\/#organization\",\"name\":\"InteraMusic\",\"url\":\"https:\\\/\\\/revistainteirada.com\\\/interamusic\\\/\",\"logo\":{\"@type\":\"ImageObject\",\"inLanguage\":\"pt-BR\",\"@id\":\"https:\\\/\\\/revistainteirada.com\\\/interamusic\\\/#\\\/schema\\\/logo\\\/image\\\/\",\"url\":\"https:\\\/\\\/i0.wp.com\\\/revistainteirada.com\\\/interamusic\\\/wp-content\\\/uploads\\\/2025\\\/01\\\/InteraMusic.png?fit=306%2C197&ssl=1\",\"contentUrl\":\"https:\\\/\\\/i0.wp.com\\\/revistainteirada.com\\\/interamusic\\\/wp-content\\\/uploads\\\/2025\\\/01\\\/InteraMusic.png?fit=306%2C197&ssl=1\",\"width\":306,\"height\":197,\"caption\":\"InteraMusic\"},\"image\":{\"@id\":\"https:\\\/\\\/revistainteirada.com\\\/interamusic\\\/#\\\/schema\\\/logo\\\/image\\\/\"},\"sameAs\":[\"https:\\\/\\\/instagram.com\\\/intera.music\"]},{\"@type\":\"Person\",\"@id\":\"https:\\\/\\\/revistainteirada.com\\\/interamusic\\\/#\\\/schema\\\/person\\\/63927576982eabb62afca0b99babccd5\",\"name\":\"InteraMusic\",\"image\":{\"@type\":\"ImageObject\",\"inLanguage\":\"pt-BR\",\"@id\":\"https:\\\/\\\/secure.gravatar.com\\\/avatar\\\/9fb1c885baf7f4510bcee96135b4213e714ef269218aa30a4d7fe09a992912a6?s=96&d=mm&r=g\",\"url\":\"https:\\\/\\\/secure.gravatar.com\\\/avatar\\\/9fb1c885baf7f4510bcee96135b4213e714ef269218aa30a4d7fe09a992912a6?s=96&d=mm&r=g\",\"contentUrl\":\"https:\\\/\\\/secure.gravatar.com\\\/avatar\\\/9fb1c885baf7f4510bcee96135b4213e714ef269218aa30a4d7fe09a992912a6?s=96&d=mm&r=g\",\"caption\":\"InteraMusic\"},\"sameAs\":[\"https:\\\/\\\/revistainteirada.com\\\/interamusic\"],\"url\":\"https:\\\/\\\/revistainteirada.com\\\/interamusic\\\/author\\\/admin\\\/\"}]}<\/script>\n<!-- \/ Yoast SEO plugin. -->","yoast_head_json":{"title":"Alceu Valen\u00e7a e Orquestra Ouro Preto fazem show gratuito no Ibirapuera - InteraMusic","robots":{"index":"index","follow":"follow","max-snippet":"max-snippet:-1","max-image-preview":"max-image-preview:large","max-video-preview":"max-video-preview:-1"},"canonical":"https:\/\/revistainteirada.com\/interamusic\/2026\/09\/05\/alceu-valenca-e-orquestra-ouro-preto-fazem-show-gratuito-no-ibirapuera\/","og_locale":"pt_BR","og_type":"article","og_title":"Alceu Valen\u00e7a e Orquestra Ouro Preto fazem show gratuito no Ibirapuera - InteraMusic","og_description":"S\u00e3o Paulo recebe, no pr\u00f3ximo dia 13 de setembro, um encontro que aproxima a m\u00fasica popular brasileira da tradi\u00e7\u00e3o sinf\u00f4nica. Alceu Valen\u00e7a e a Orquestra Ouro Preto se apresentam gratuitamente no Audit\u00f3rio Externo do Parque Ibirapuera, na Zona Sul da capital, dentro da programa\u00e7\u00e3o do SulAm\u00e9rica Sessions. O espet\u00e1culo come\u00e7a \u00e0s 18h30, com abertura dos [&hellip;]","og_url":"https:\/\/revistainteirada.com\/interamusic\/2026\/09\/05\/alceu-valenca-e-orquestra-ouro-preto-fazem-show-gratuito-no-ibirapuera\/","og_site_name":"InteraMusic","article_publisher":"https:\/\/instagram.com\/intera.music","article_published_time":"2026-09-05T17:47:43+00:00","article_modified_time":"2026-09-05T17:49:24+00:00","og_image":[{"width":1024,"height":538,"url":"https:\/\/revistainteirada.com\/interamusic\/wp-content\/uploads\/2026\/09\/1000164551.webp","type":"image\/webp"}],"author":"InteraMusic","twitter_card":"summary_large_image","twitter_misc":{"Escrito por":"InteraMusic","Est. tempo de leitura":"3 minutos"},"schema":{"@context":"https:\/\/schema.org","@graph":[{"@type":"Article","@id":"https:\/\/revistainteirada.com\/interamusic\/2026\/09\/05\/alceu-valenca-e-orquestra-ouro-preto-fazem-show-gratuito-no-ibirapuera\/#article","isPartOf":{"@id":"https:\/\/revistainteirada.com\/interamusic\/2026\/09\/05\/alceu-valenca-e-orquestra-ouro-preto-fazem-show-gratuito-no-ibirapuera\/"},"author":{"name":"InteraMusic","@id":"https:\/\/revistainteirada.com\/interamusic\/#\/schema\/person\/63927576982eabb62afca0b99babccd5"},"headline":"Alceu Valen\u00e7a e Orquestra Ouro Preto fazem show gratuito no Ibirapuera","datePublished":"2026-09-05T17:47:43+00:00","dateModified":"2026-09-05T17:49:24+00:00","mainEntityOfPage":{"@id":"https:\/\/revistainteirada.com\/interamusic\/2026\/09\/05\/alceu-valenca-e-orquestra-ouro-preto-fazem-show-gratuito-no-ibirapuera\/"},"wordCount":482,"commentCount":0,"publisher":{"@id":"https:\/\/revistainteirada.com\/interamusic\/#organization"},"image":{"@id":"https:\/\/revistainteirada.com\/interamusic\/2026\/09\/05\/alceu-valenca-e-orquestra-ouro-preto-fazem-show-gratuito-no-ibirapuera\/#primaryimage"},"thumbnailUrl":"https:\/\/i0.wp.com\/revistainteirada.com\/interamusic\/wp-content\/uploads\/2026\/09\/1000164551.webp?fit=1024%2C538&ssl=1","articleSection":["Shows"],"inLanguage":"pt-BR","potentialAction":[{"@type":"CommentAction","name":"Comment","target":["https:\/\/revistainteirada.com\/interamusic\/2026\/09\/05\/alceu-valenca-e-orquestra-ouro-preto-fazem-show-gratuito-no-ibirapuera\/#respond"]}]},{"@type":"WebPage","@id":"https:\/\/revistainteirada.com\/interamusic\/2026\/09\/05\/alceu-valenca-e-orquestra-ouro-preto-fazem-show-gratuito-no-ibirapuera\/","url":"https:\/\/revistainteirada.com\/interamusic\/2026\/09\/05\/alceu-valenca-e-orquestra-ouro-preto-fazem-show-gratuito-no-ibirapuera\/","name":"Alceu Valen\u00e7a e Orquestra Ouro Preto fazem show gratuito no Ibirapuera - InteraMusic","isPartOf":{"@id":"https:\/\/revistainteirada.com\/interamusic\/#website"},"primaryImageOfPage":{"@id":"https:\/\/revistainteirada.com\/interamusic\/2026\/09\/05\/alceu-valenca-e-orquestra-ouro-preto-fazem-show-gratuito-no-ibirapuera\/#primaryimage"},"image":{"@id":"https:\/\/revistainteirada.com\/interamusic\/2026\/09\/05\/alceu-valenca-e-orquestra-ouro-preto-fazem-show-gratuito-no-ibirapuera\/#primaryimage"},"thumbnailUrl":"https:\/\/i0.wp.com\/revistainteirada.com\/interamusic\/wp-content\/uploads\/2026\/09\/1000164551.webp?fit=1024%2C538&ssl=1","datePublished":"2026-09-05T17:47:43+00:00","dateModified":"2026-09-05T17:49:24+00:00","breadcrumb":{"@id":"https:\/\/revistainteirada.com\/interamusic\/2026\/09\/05\/alceu-valenca-e-orquestra-ouro-preto-fazem-show-gratuito-no-ibirapuera\/#breadcrumb"},"inLanguage":"pt-BR","potentialAction":[{"@type":"ReadAction","target":["https:\/\/revistainteirada.com\/interamusic\/2026\/09\/05\/alceu-valenca-e-orquestra-ouro-preto-fazem-show-gratuito-no-ibirapuera\/"]}]},{"@type":"ImageObject","inLanguage":"pt-BR","@id":"https:\/\/revistainteirada.com\/interamusic\/2026\/09\/05\/alceu-valenca-e-orquestra-ouro-preto-fazem-show-gratuito-no-ibirapuera\/#primaryimage","url":"https:\/\/i0.wp.com\/revistainteirada.com\/interamusic\/wp-content\/uploads\/2026\/09\/1000164551.webp?fit=1024%2C538&ssl=1","contentUrl":"https:\/\/i0.wp.com\/revistainteirada.com\/interamusic\/wp-content\/uploads\/2026\/09\/1000164551.webp?fit=1024%2C538&ssl=1","width":1024,"height":538},{"@type":"BreadcrumbList","@id":"https:\/\/revistainteirada.com\/interamusic\/2026\/09\/05\/alceu-valenca-e-orquestra-ouro-preto-fazem-show-gratuito-no-ibirapuera\/#breadcrumb","itemListElement":[{"@type":"ListItem","position":1,"name":"In\u00edcio","item":"https:\/\/revistainteirada.com\/interamusic\/"},{"@type":"ListItem","position":2,"name":"Alceu Valen\u00e7a e Orquestra Ouro Preto fazem show gratuito no Ibirapuera"}]},{"@type":"WebSite","@id":"https:\/\/revistainteirada.com\/interamusic\/#website","url":"https:\/\/revistainteirada.com\/interamusic\/","name":"InteraMusic","description":"Not\u00edcias sobre o mundo da m\u00fasica","publisher":{"@id":"https:\/\/revistainteirada.com\/interamusic\/#organization"},"potentialAction":[{"@type":"SearchAction","target":{"@type":"EntryPoint","urlTemplate":"https:\/\/revistainteirada.com\/interamusic\/?s={search_term_string}"},"query-input":{"@type":"PropertyValueSpecification","valueRequired":true,"valueName":"search_term_string"}}],"inLanguage":"pt-BR"},{"@type":"Organization","@id":"https:\/\/revistainteirada.com\/interamusic\/#organization","name":"InteraMusic","url":"https:\/\/revistainteirada.com\/interamusic\/","logo":{"@type":"ImageObject","inLanguage":"pt-BR","@id":"https:\/\/revistainteirada.com\/interamusic\/#\/schema\/logo\/image\/","url":"https:\/\/i0.wp.com\/revistainteirada.com\/interamusic\/wp-content\/uploads\/2025\/01\/InteraMusic.png?fit=306%2C197&ssl=1","contentUrl":"https:\/\/i0.wp.com\/revistainteirada.com\/interamusic\/wp-content\/uploads\/2025\/01\/InteraMusic.png?fit=306%2C197&ssl=1","width":306,"height":197,"caption":"InteraMusic"},"image":{"@id":"https:\/\/revistainteirada.com\/interamusic\/#\/schema\/logo\/image\/"},"sameAs":["https:\/\/instagram.com\/intera.music"]},{"@type":"Person","@id":"https:\/\/revistainteirada.com\/interamusic\/#\/schema\/person\/63927576982eabb62afca0b99babccd5","name":"InteraMusic","image":{"@type":"ImageObject","inLanguage":"pt-BR","@id":"https:\/\/secure.gravatar.com\/avatar\/9fb1c885baf7f4510bcee96135b4213e714ef269218aa30a4d7fe09a992912a6?s=96&d=mm&r=g","url":"https:\/\/secure.gravatar.com\/avatar\/9fb1c885baf7f4510bcee96135b4213e714ef269218aa30a4d7fe09a992912a6?s=96&d=mm&r=g","contentUrl":"https:\/\/secure.gravatar.com\/avatar\/9fb1c885baf7f4510bcee96135b4213e714ef269218aa30a4d7fe09a992912a6?s=96&d=mm&r=g","caption":"InteraMusic"},"sameAs":["https:\/\/revistainteirada.com\/interamusic"],"url":"https:\/\/revistainteirada.com\/interamusic\/author\/admin\/"}]}},"jetpack_sharing_enabled":true,"jetpack_featured_media_url":"https:\/\/i0.wp.com\/revistainteirada.com\/interamusic\/wp-content\/uploads\/2026\/09\/1000164551.webp?fit=1024%2C538&ssl=1","_links":{"self":[{"href":"https:\/\/revistainteirada.com\/interamusic\/wp-json\/wp\/v2\/posts\/2328","targetHints":{"allow":["GET"]}}],"collection":[{"href":"https:\/\/revistainteirada.com\/interamusic\/wp-json\/wp\/v2\/posts"}],"about":[{"href":"https:\/\/revistainteirada.com\/interamusic\/wp-json\/wp\/v2\/types\/post"}],"author":[{"embeddable":true,"href":"https:\/\/revistainteirada.com\/interamusic\/wp-json\/wp\/v2\/users\/1"}],"replies":[{"embeddable":true,"href":"https:\/\/revistainteirada.com\/interamusic\/wp-json\/wp\/v2\/comments?post=2328"}],"version-history":[{"count":2,"href":"https:\/\/revistainteirada.com\/interamusic\/wp-json\/wp\/v2\/posts\/2328\/revisions"}],"predecessor-version":[{"id":2332,"href":"https:\/\/revistainteirada.com\/interamusic\/wp-json\/wp\/v2\/posts\/2328\/revisions\/2332"}],"wp:featuredmedia":[{"embeddable":true,"href":"https:\/\/revistainteirada.com\/interamusic\/wp-json\/wp\/v2\/media\/2330"}],"wp:attachment":[{"href":"https:\/\/revistainteirada.com\/interamusic\/wp-json\/wp\/v2\/media?parent=2328"}],"wp:term":[{"taxonomy":"category","embeddable":true,"href":"https:\/\/revistainteirada.com\/interamusic\/wp-json\/wp\/v2\/categories?post=2328"},{"taxonomy":"post_tag","embeddable":true,"href":"https:\/\/revistainteirada.com\/interamusic\/wp-json\/wp\/v2\/tags?post=2328"}],"curies":[{"name":"wp","href":"https:\/\/api.w.org\/{rel}","templated":true}]}}