{"id":2325,"date":"2026-09-05T14:36:08","date_gmt":"2026-09-05T17:36:08","guid":{"rendered":"https:\/\/revistainteirada.com\/interamusic\/?p=2325"},"modified":"2026-09-05T14:36:09","modified_gmt":"2026-09-05T17:36:09","slug":"rock-in-rio-antecipa-shows-de-elton-john-e-gilberto-gil-no-feriado-de-7-de-setembro","status":"publish","type":"post","link":"https:\/\/revistainteirada.com\/interamusic\/2026\/09\/05\/rock-in-rio-antecipa-shows-de-elton-john-e-gilberto-gil-no-feriado-de-7-de-setembro\/","title":{"rendered":"Rock in Rio antecipa shows de Elton John e Gilberto Gil no feriado de 7 de setembro"},"content":{"rendered":"<div class='booster-block booster-read-block'>\n                <div class=\"twp-read-time\">\n                \t<i class=\"booster-icon twp-clock\"><\/i> <span>Read Time:<\/span>1 Minute, 46 Second                <\/div>\n\n            <\/div>\n<h1 class=\"wp-block-heading\"><\/h1>\n\n\n\n<p class=\"wp-block-paragraph\">A programa\u00e7\u00e3o do Rock in Rio 2026 para o dia 7 de setembro passou por mudan\u00e7as. A produ\u00e7\u00e3o do festival antecipou os principais shows do Palco Mundo, incluindo as apresenta\u00e7\u00f5es de Gilberto Gil e Elton John. A altera\u00e7\u00e3o foi anunciada na quinta-feira (3), um dia antes do in\u00edcio da edi\u00e7\u00e3o deste ano.<\/p>\n\n\n\n<p class=\"wp-block-paragraph\">Com a nova programa\u00e7\u00e3o, Gilberto Gil sobe ao Palco Mundo \u00e0s 20h30, uma hora antes do hor\u00e1rio anteriormente previsto. O cantor e compositor brasileiro ser\u00e1 seguido por Elton John, que agora tem seu show marcado para as 23h \u2014 tamb\u00e9m antecipado em rela\u00e7\u00e3o \u00e0 programa\u00e7\u00e3o original. A apresenta\u00e7\u00e3o do brit\u00e2nico est\u00e1 prevista para terminar \u00e0s 0h45.<\/p>\n\n\n\n<p class=\"wp-block-paragraph\">A sequ\u00eancia do Palco Mundo come\u00e7a \u00e0s 16h, com The Flight. Dez minutos depois, Lu\u00edsa Sonza se apresenta ao lado de Roberto Menescal. \u00c0s 18h15, ser\u00e1 a vez do pianista e compositor norte-americano Jon Batiste. Um show pirot\u00e9cnico est\u00e1 previsto para 20h25, pouco antes da apresenta\u00e7\u00e3o de Gilberto Gil.<\/p>\n\n\n\n<p class=\"wp-block-paragraph\">No Palco Sunset, a programa\u00e7\u00e3o tamb\u00e9m re\u00fane nomes de diferentes gera\u00e7\u00f5es da m\u00fasica brasileira e internacional. Vanessa da Mata e Rubel abrem a sequ\u00eancia \u00e0s 15h; Roupa Nova e Guilherme Arantes se apresentam \u00e0s 17h10; P\u00e9ricles canta cl\u00e1ssicos da Motown \u00e0s 19h20; e Laufey encerra a programa\u00e7\u00e3o do palco \u00e0s 21h55.<\/p>\n\n\n\n<p class=\"wp-block-paragraph\">A apresenta\u00e7\u00e3o de Elton John \u00e9 um dos momentos mais aguardados da edi\u00e7\u00e3o de 2026. O artista retorna ao Brasil para um show \u00fanico no pa\u00eds e ser\u00e1 o headliner do Palco Mundo em 7 de setembro. De acordo com o site oficial do cantor, ser\u00e1 sua primeira apresenta\u00e7\u00e3o no Rio de Janeiro em quase uma d\u00e9cada.<\/p>\n\n\n\n<p class=\"wp-block-paragraph\">Para Gilberto Gil, o festival marca uma nova etapa ap\u00f3s o encerramento da turn\u00ea \u201cTempo Rei\u201d, conclu\u00edda em S\u00e3o Paulo em mar\u00e7o de 2026. Em seu site oficial, o artista afirma que, embora tenha encerrado o ciclo de grandes turn\u00eas, continuar\u00e1 realizando apresenta\u00e7\u00f5es pontuais e desenvolvendo projetos ligados \u00e0 m\u00fasica.<\/p>\n\n\n\n<p class=\"wp-block-paragraph\">O dia 7 de setembro j\u00e1 est\u00e1 com os ingressos esgotados. O Rock in Rio 2026 acontece no Parque Ol\u00edmpico, no Rio de Janeiro, nos dias 4, 5, 6, 7, 11, 12 e 13 de setembro.<\/p>\n\n\n\n<p class=\"wp-block-paragraph\"><\/p>\n        <div class=\"booster-block booster-reactions-block\">\n            <div class=\"twp-reactions-icons\">\n                \n                <div class=\"twp-reacts-wrap\">\n                    <a react-data=\"be-react-1\" post-id=\"2325\" class=\"be-face-icons un-reacted\" href=\"javascript:void(0)\">\n                        <img decoding=\"async\" src=\"https:\/\/revistainteirada.com\/interamusic\/wp-content\/plugins\/booster-extension\/\/assets\/icon\/happy.svg\" alt=\"Happy\">\n                    <\/a>\n                    <div class=\"twp-reaction-title\">\n                        Happy                    <\/div>\n                    <div class=\"twp-count-percent\">\n                                                    <span style=\"display: none;\" class=\"twp-react-count\">0<\/span>\n                        \n                                                <span class=\"twp-react-percent\"><span>0<\/span> %<\/span>\n                                            <\/div>\n                <\/div>\n\n                <div class=\"twp-reacts-wrap\">\n                    <a react-data=\"be-react-2\" post-id=\"2325\" class=\"be-face-icons un-reacted\" href=\"javascript:void(0)\">\n                        <img decoding=\"async\" src=\"https:\/\/revistainteirada.com\/interamusic\/wp-content\/plugins\/booster-extension\/\/assets\/icon\/sad.svg\" alt=\"Sad\">\n                    <\/a>\n                    <div class=\"twp-reaction-title\">\n                        Sad                    <\/div>\n                    <div class=\"twp-count-percent\">\n                                                    <span style=\"display: none;\" class=\"twp-react-count\">0<\/span>\n                                                                        <span class=\"twp-react-percent\"><span>0<\/span> %<\/span>\n                                            <\/div>\n                <\/div>\n\n                <div class=\"twp-reacts-wrap\">\n                    <a react-data=\"be-react-3\" post-id=\"2325\" class=\"be-face-icons un-reacted\" href=\"javascript:void(0)\">\n                        <img decoding=\"async\" src=\"https:\/\/revistainteirada.com\/interamusic\/wp-content\/plugins\/booster-extension\/\/assets\/icon\/excited.svg\" alt=\"Excited\">\n                    <\/a>\n                    <div class=\"twp-reaction-title\">\n                        Excited                    <\/div>\n                    <div class=\"twp-count-percent\">\n                                                    <span style=\"display: none;\" class=\"twp-react-count\">0<\/span>\n                                                                        <span class=\"twp-react-percent\"><span>0<\/span> %<\/span>\n                                            <\/div>\n                <\/div>\n\n                <div class=\"twp-reacts-wrap\">\n                    <a react-data=\"be-react-6\" post-id=\"2325\" class=\"be-face-icons un-reacted\" href=\"javascript:void(0)\">\n                        <img decoding=\"async\" src=\"https:\/\/revistainteirada.com\/interamusic\/wp-content\/plugins\/booster-extension\/\/assets\/icon\/sleepy.svg\" alt=\"Sleepy\">\n                    <\/a>\n                    <div class=\"twp-reaction-title\">\n                        Sleepy                    <\/div>\n                    <div class=\"twp-count-percent\">\n                                                    <span style=\"display: none;\" class=\"twp-react-count\">0<\/span>\n                        \n                                                <span class=\"twp-react-percent\"><span>0<\/span> %<\/span>\n                                            <\/div>\n                <\/div>\n\n                <div class=\"twp-reacts-wrap\">\n                    <a react-data=\"be-react-4\" post-id=\"2325\" class=\"be-face-icons un-reacted\" href=\"javascript:void(0)\">\n                        <img decoding=\"async\" src=\"https:\/\/revistainteirada.com\/interamusic\/wp-content\/plugins\/booster-extension\/\/assets\/icon\/angry.svg\" alt=\"Angry\">\n                    <\/a>\n                    <div class=\"twp-reaction-title\">Angry<\/div>\n                    <div class=\"twp-count-percent\">\n                                                    <span style=\"display: none;\" class=\"twp-react-count\">0<\/span>\n                                                                        <span class=\"twp-react-percent\"><span>0<\/span> %<\/span>\n                        \n                    <\/div>\n                <\/div>\n\n                <div class=\"twp-reacts-wrap\">\n                    <a react-data=\"be-react-5\" post-id=\"2325\" class=\"be-face-icons un-reacted\" href=\"javascript:void(0)\">\n                        <img decoding=\"async\" src=\"https:\/\/revistainteirada.com\/interamusic\/wp-content\/plugins\/booster-extension\/\/assets\/icon\/surprise.svg\" alt=\"Surprise\">\n                    <\/a>\n                    <div class=\"twp-reaction-title\">Surprise<\/div>\n                    <div class=\"twp-count-percent\">\n                                                    <span style=\"display: none;\" class=\"twp-react-count\">0<\/span>\n                                                                        <span class=\"twp-react-percent\"><span>0<\/span> %<\/span>\n                                            <\/div>\n                <\/div>\n\n            <\/div>\n        <\/div>\n\n    ","protected":false},"excerpt":{"rendered":"<p>A programa\u00e7\u00e3o do Rock in Rio 2026 para o dia 7 de setembro passou por mudan\u00e7as. A produ\u00e7\u00e3o do festival antecipou os principais shows do Palco Mundo, incluindo as apresenta\u00e7\u00f5es de Gilberto Gil e Elton John. A altera\u00e7\u00e3o foi anunciada na quinta-feira (3), um dia antes do in\u00edcio da edi\u00e7\u00e3o deste ano. Com a nova [&hellip;]<\/p>\n","protected":false},"author":1,"featured_media":2326,"comment_status":"open","ping_status":"open","sticky":false,"template":"","format":"standard","meta":{"_jetpack_newsletter_access":"","_jetpack_dont_email_post_to_subs":false,"_jetpack_newsletter_tier_id":0,"_jetpack_memberships_contains_paywalled_content":false,"_jetpack_feature_clip_id":0,"_jetpack_memberships_contains_paid_content":false,"footnotes":"","jetpack_post_was_ever_published":false},"categories":[5],"tags":[],"class_list":["post-2325","post","type-post","status-publish","format-standard","has-post-thumbnail","hentry","category-shows"],"yoast_head":"<!-- This site is optimized with the Yoast SEO plugin v28.4 - https:\/\/yoast.com\/product\/yoast-seo-wordpress\/ -->\n<title>Rock in Rio antecipa shows de Elton John e Gilberto Gil no feriado de 7 de setembro - InteraMusic<\/title>\n<meta name=\"robots\" content=\"index, follow, max-snippet:-1, max-image-preview:large, max-video-preview:-1\" \/>\n<link rel=\"canonical\" href=\"https:\/\/revistainteirada.com\/interamusic\/2026\/09\/05\/rock-in-rio-antecipa-shows-de-elton-john-e-gilberto-gil-no-feriado-de-7-de-setembro\/\" \/>\n<meta property=\"og:locale\" content=\"pt_BR\" \/>\n<meta property=\"og:type\" content=\"article\" \/>\n<meta property=\"og:title\" content=\"Rock in Rio antecipa shows de Elton John e Gilberto Gil no feriado de 7 de setembro - InteraMusic\" \/>\n<meta property=\"og:description\" content=\"A programa\u00e7\u00e3o do Rock in Rio 2026 para o dia 7 de setembro passou por mudan\u00e7as. A produ\u00e7\u00e3o do festival antecipou os principais shows do Palco Mundo, incluindo as apresenta\u00e7\u00f5es de Gilberto Gil e Elton John. A altera\u00e7\u00e3o foi anunciada na quinta-feira (3), um dia antes do in\u00edcio da edi\u00e7\u00e3o deste ano. Com a nova [&hellip;]\" \/>\n<meta property=\"og:url\" content=\"https:\/\/revistainteirada.com\/interamusic\/2026\/09\/05\/rock-in-rio-antecipa-shows-de-elton-john-e-gilberto-gil-no-feriado-de-7-de-setembro\/\" \/>\n<meta property=\"og:site_name\" content=\"InteraMusic\" \/>\n<meta property=\"article:publisher\" content=\"https:\/\/instagram.com\/intera.music\" \/>\n<meta property=\"article:published_time\" content=\"2026-09-05T17:36:08+00:00\" \/>\n<meta property=\"article:modified_time\" content=\"2026-09-05T17:36:09+00:00\" \/>\n<meta property=\"og:image\" content=\"https:\/\/revistainteirada.com\/interamusic\/wp-content\/uploads\/2026\/09\/1000164550.webp\" \/>\n\t<meta property=\"og:image:width\" content=\"960\" \/>\n\t<meta property=\"og:image:height\" content=\"540\" \/>\n\t<meta property=\"og:image:type\" content=\"image\/webp\" \/>\n<meta name=\"author\" content=\"InteraMusic\" \/>\n<meta name=\"twitter:card\" content=\"summary_large_image\" \/>\n<meta name=\"twitter:label1\" content=\"Escrito por\" \/>\n\t<meta name=\"twitter:data1\" content=\"InteraMusic\" \/>\n\t<meta name=\"twitter:label2\" content=\"Est. tempo de leitura\" \/>\n\t<meta name=\"twitter:data2\" content=\"3 minutos\" \/>\n<script type=\"application\/ld+json\" class=\"yoast-schema-graph\">{\"@context\":\"https:\\\/\\\/schema.org\",\"@graph\":[{\"@type\":\"Article\",\"@id\":\"https:\\\/\\\/revistainteirada.com\\\/interamusic\\\/2026\\\/09\\\/05\\\/rock-in-rio-antecipa-shows-de-elton-john-e-gilberto-gil-no-feriado-de-7-de-setembro\\\/#article\",\"isPartOf\":{\"@id\":\"https:\\\/\\\/revistainteirada.com\\\/interamusic\\\/2026\\\/09\\\/05\\\/rock-in-rio-antecipa-shows-de-elton-john-e-gilberto-gil-no-feriado-de-7-de-setembro\\\/\"},\"author\":{\"name\":\"InteraMusic\",\"@id\":\"https:\\\/\\\/revistainteirada.com\\\/interamusic\\\/#\\\/schema\\\/person\\\/63927576982eabb62afca0b99babccd5\"},\"headline\":\"Rock in Rio antecipa shows de Elton John e Gilberto Gil no feriado de 7 de setembro\",\"datePublished\":\"2026-09-05T17:36:08+00:00\",\"dateModified\":\"2026-09-05T17:36:09+00:00\",\"mainEntityOfPage\":{\"@id\":\"https:\\\/\\\/revistainteirada.com\\\/interamusic\\\/2026\\\/09\\\/05\\\/rock-in-rio-antecipa-shows-de-elton-john-e-gilberto-gil-no-feriado-de-7-de-setembro\\\/\"},\"wordCount\":389,\"commentCount\":0,\"publisher\":{\"@id\":\"https:\\\/\\\/revistainteirada.com\\\/interamusic\\\/#organization\"},\"image\":{\"@id\":\"https:\\\/\\\/revistainteirada.com\\\/interamusic\\\/2026\\\/09\\\/05\\\/rock-in-rio-antecipa-shows-de-elton-john-e-gilberto-gil-no-feriado-de-7-de-setembro\\\/#primaryimage\"},\"thumbnailUrl\":\"https:\\\/\\\/i0.wp.com\\\/revistainteirada.com\\\/interamusic\\\/wp-content\\\/uploads\\\/2026\\\/09\\\/1000164550.webp?fit=960%2C540&ssl=1\",\"articleSection\":[\"Shows\"],\"inLanguage\":\"pt-BR\",\"potentialAction\":[{\"@type\":\"CommentAction\",\"name\":\"Comment\",\"target\":[\"https:\\\/\\\/revistainteirada.com\\\/interamusic\\\/2026\\\/09\\\/05\\\/rock-in-rio-antecipa-shows-de-elton-john-e-gilberto-gil-no-feriado-de-7-de-setembro\\\/#respond\"]}]},{\"@type\":\"WebPage\",\"@id\":\"https:\\\/\\\/revistainteirada.com\\\/interamusic\\\/2026\\\/09\\\/05\\\/rock-in-rio-antecipa-shows-de-elton-john-e-gilberto-gil-no-feriado-de-7-de-setembro\\\/\",\"url\":\"https:\\\/\\\/revistainteirada.com\\\/interamusic\\\/2026\\\/09\\\/05\\\/rock-in-rio-antecipa-shows-de-elton-john-e-gilberto-gil-no-feriado-de-7-de-setembro\\\/\",\"name\":\"Rock in Rio antecipa shows de Elton John e Gilberto Gil no feriado de 7 de setembro - InteraMusic\",\"isPartOf\":{\"@id\":\"https:\\\/\\\/revistainteirada.com\\\/interamusic\\\/#website\"},\"primaryImageOfPage\":{\"@id\":\"https:\\\/\\\/revistainteirada.com\\\/interamusic\\\/2026\\\/09\\\/05\\\/rock-in-rio-antecipa-shows-de-elton-john-e-gilberto-gil-no-feriado-de-7-de-setembro\\\/#primaryimage\"},\"image\":{\"@id\":\"https:\\\/\\\/revistainteirada.com\\\/interamusic\\\/2026\\\/09\\\/05\\\/rock-in-rio-antecipa-shows-de-elton-john-e-gilberto-gil-no-feriado-de-7-de-setembro\\\/#primaryimage\"},\"thumbnailUrl\":\"https:\\\/\\\/i0.wp.com\\\/revistainteirada.com\\\/interamusic\\\/wp-content\\\/uploads\\\/2026\\\/09\\\/1000164550.webp?fit=960%2C540&ssl=1\",\"datePublished\":\"2026-09-05T17:36:08+00:00\",\"dateModified\":\"2026-09-05T17:36:09+00:00\",\"breadcrumb\":{\"@id\":\"https:\\\/\\\/revistainteirada.com\\\/interamusic\\\/2026\\\/09\\\/05\\\/rock-in-rio-antecipa-shows-de-elton-john-e-gilberto-gil-no-feriado-de-7-de-setembro\\\/#breadcrumb\"},\"inLanguage\":\"pt-BR\",\"potentialAction\":[{\"@type\":\"ReadAction\",\"target\":[\"https:\\\/\\\/revistainteirada.com\\\/interamusic\\\/2026\\\/09\\\/05\\\/rock-in-rio-antecipa-shows-de-elton-john-e-gilberto-gil-no-feriado-de-7-de-setembro\\\/\"]}]},{\"@type\":\"ImageObject\",\"inLanguage\":\"pt-BR\",\"@id\":\"https:\\\/\\\/revistainteirada.com\\\/interamusic\\\/2026\\\/09\\\/05\\\/rock-in-rio-antecipa-shows-de-elton-john-e-gilberto-gil-no-feriado-de-7-de-setembro\\\/#primaryimage\",\"url\":\"https:\\\/\\\/i0.wp.com\\\/revistainteirada.com\\\/interamusic\\\/wp-content\\\/uploads\\\/2026\\\/09\\\/1000164550.webp?fit=960%2C540&ssl=1\",\"contentUrl\":\"https:\\\/\\\/i0.wp.com\\\/revistainteirada.com\\\/interamusic\\\/wp-content\\\/uploads\\\/2026\\\/09\\\/1000164550.webp?fit=960%2C540&ssl=1\",\"width\":960,\"height\":540},{\"@type\":\"BreadcrumbList\",\"@id\":\"https:\\\/\\\/revistainteirada.com\\\/interamusic\\\/2026\\\/09\\\/05\\\/rock-in-rio-antecipa-shows-de-elton-john-e-gilberto-gil-no-feriado-de-7-de-setembro\\\/#breadcrumb\",\"itemListElement\":[{\"@type\":\"ListItem\",\"position\":1,\"name\":\"In\u00edcio\",\"item\":\"https:\\\/\\\/revistainteirada.com\\\/interamusic\\\/\"},{\"@type\":\"ListItem\",\"position\":2,\"name\":\"Rock in Rio antecipa shows de Elton John e Gilberto Gil no feriado de 7 de setembro\"}]},{\"@type\":\"WebSite\",\"@id\":\"https:\\\/\\\/revistainteirada.com\\\/interamusic\\\/#website\",\"url\":\"https:\\\/\\\/revistainteirada.com\\\/interamusic\\\/\",\"name\":\"InteraMusic\",\"description\":\"Not\u00edcias sobre o mundo da m\u00fasica\",\"publisher\":{\"@id\":\"https:\\\/\\\/revistainteirada.com\\\/interamusic\\\/#organization\"},\"potentialAction\":[{\"@type\":\"SearchAction\",\"target\":{\"@type\":\"EntryPoint\",\"urlTemplate\":\"https:\\\/\\\/revistainteirada.com\\\/interamusic\\\/?s={search_term_string}\"},\"query-input\":{\"@type\":\"PropertyValueSpecification\",\"valueRequired\":true,\"valueName\":\"search_term_string\"}}],\"inLanguage\":\"pt-BR\"},{\"@type\":\"Organization\",\"@id\":\"https:\\\/\\\/revistainteirada.com\\\/interamusic\\\/#organization\",\"name\":\"InteraMusic\",\"url\":\"https:\\\/\\\/revistainteirada.com\\\/interamusic\\\/\",\"logo\":{\"@type\":\"ImageObject\",\"inLanguage\":\"pt-BR\",\"@id\":\"https:\\\/\\\/revistainteirada.com\\\/interamusic\\\/#\\\/schema\\\/logo\\\/image\\\/\",\"url\":\"https:\\\/\\\/i0.wp.com\\\/revistainteirada.com\\\/interamusic\\\/wp-content\\\/uploads\\\/2025\\\/01\\\/InteraMusic.png?fit=306%2C197&ssl=1\",\"contentUrl\":\"https:\\\/\\\/i0.wp.com\\\/revistainteirada.com\\\/interamusic\\\/wp-content\\\/uploads\\\/2025\\\/01\\\/InteraMusic.png?fit=306%2C197&ssl=1\",\"width\":306,\"height\":197,\"caption\":\"InteraMusic\"},\"image\":{\"@id\":\"https:\\\/\\\/revistainteirada.com\\\/interamusic\\\/#\\\/schema\\\/logo\\\/image\\\/\"},\"sameAs\":[\"https:\\\/\\\/instagram.com\\\/intera.music\"]},{\"@type\":\"Person\",\"@id\":\"https:\\\/\\\/revistainteirada.com\\\/interamusic\\\/#\\\/schema\\\/person\\\/63927576982eabb62afca0b99babccd5\",\"name\":\"InteraMusic\",\"image\":{\"@type\":\"ImageObject\",\"inLanguage\":\"pt-BR\",\"@id\":\"https:\\\/\\\/secure.gravatar.com\\\/avatar\\\/9fb1c885baf7f4510bcee96135b4213e714ef269218aa30a4d7fe09a992912a6?s=96&d=mm&r=g\",\"url\":\"https:\\\/\\\/secure.gravatar.com\\\/avatar\\\/9fb1c885baf7f4510bcee96135b4213e714ef269218aa30a4d7fe09a992912a6?s=96&d=mm&r=g\",\"contentUrl\":\"https:\\\/\\\/secure.gravatar.com\\\/avatar\\\/9fb1c885baf7f4510bcee96135b4213e714ef269218aa30a4d7fe09a992912a6?s=96&d=mm&r=g\",\"caption\":\"InteraMusic\"},\"sameAs\":[\"https:\\\/\\\/revistainteirada.com\\\/interamusic\"],\"url\":\"https:\\\/\\\/revistainteirada.com\\\/interamusic\\\/author\\\/admin\\\/\"}]}<\/script>\n<!-- \/ Yoast SEO plugin. -->","yoast_head_json":{"title":"Rock in Rio antecipa shows de Elton John e Gilberto Gil no feriado de 7 de setembro - InteraMusic","robots":{"index":"index","follow":"follow","max-snippet":"max-snippet:-1","max-image-preview":"max-image-preview:large","max-video-preview":"max-video-preview:-1"},"canonical":"https:\/\/revistainteirada.com\/interamusic\/2026\/09\/05\/rock-in-rio-antecipa-shows-de-elton-john-e-gilberto-gil-no-feriado-de-7-de-setembro\/","og_locale":"pt_BR","og_type":"article","og_title":"Rock in Rio antecipa shows de Elton John e Gilberto Gil no feriado de 7 de setembro - InteraMusic","og_description":"A programa\u00e7\u00e3o do Rock in Rio 2026 para o dia 7 de setembro passou por mudan\u00e7as. A produ\u00e7\u00e3o do festival antecipou os principais shows do Palco Mundo, incluindo as apresenta\u00e7\u00f5es de Gilberto Gil e Elton John. A altera\u00e7\u00e3o foi anunciada na quinta-feira (3), um dia antes do in\u00edcio da edi\u00e7\u00e3o deste ano. Com a nova [&hellip;]","og_url":"https:\/\/revistainteirada.com\/interamusic\/2026\/09\/05\/rock-in-rio-antecipa-shows-de-elton-john-e-gilberto-gil-no-feriado-de-7-de-setembro\/","og_site_name":"InteraMusic","article_publisher":"https:\/\/instagram.com\/intera.music","article_published_time":"2026-09-05T17:36:08+00:00","article_modified_time":"2026-09-05T17:36:09+00:00","og_image":[{"width":960,"height":540,"url":"https:\/\/revistainteirada.com\/interamusic\/wp-content\/uploads\/2026\/09\/1000164550.webp","type":"image\/webp"}],"author":"InteraMusic","twitter_card":"summary_large_image","twitter_misc":{"Escrito por":"InteraMusic","Est. tempo de leitura":"3 minutos"},"schema":{"@context":"https:\/\/schema.org","@graph":[{"@type":"Article","@id":"https:\/\/revistainteirada.com\/interamusic\/2026\/09\/05\/rock-in-rio-antecipa-shows-de-elton-john-e-gilberto-gil-no-feriado-de-7-de-setembro\/#article","isPartOf":{"@id":"https:\/\/revistainteirada.com\/interamusic\/2026\/09\/05\/rock-in-rio-antecipa-shows-de-elton-john-e-gilberto-gil-no-feriado-de-7-de-setembro\/"},"author":{"name":"InteraMusic","@id":"https:\/\/revistainteirada.com\/interamusic\/#\/schema\/person\/63927576982eabb62afca0b99babccd5"},"headline":"Rock in Rio antecipa shows de Elton John e Gilberto Gil no feriado de 7 de setembro","datePublished":"2026-09-05T17:36:08+00:00","dateModified":"2026-09-05T17:36:09+00:00","mainEntityOfPage":{"@id":"https:\/\/revistainteirada.com\/interamusic\/2026\/09\/05\/rock-in-rio-antecipa-shows-de-elton-john-e-gilberto-gil-no-feriado-de-7-de-setembro\/"},"wordCount":389,"commentCount":0,"publisher":{"@id":"https:\/\/revistainteirada.com\/interamusic\/#organization"},"image":{"@id":"https:\/\/revistainteirada.com\/interamusic\/2026\/09\/05\/rock-in-rio-antecipa-shows-de-elton-john-e-gilberto-gil-no-feriado-de-7-de-setembro\/#primaryimage"},"thumbnailUrl":"https:\/\/i0.wp.com\/revistainteirada.com\/interamusic\/wp-content\/uploads\/2026\/09\/1000164550.webp?fit=960%2C540&ssl=1","articleSection":["Shows"],"inLanguage":"pt-BR","potentialAction":[{"@type":"CommentAction","name":"Comment","target":["https:\/\/revistainteirada.com\/interamusic\/2026\/09\/05\/rock-in-rio-antecipa-shows-de-elton-john-e-gilberto-gil-no-feriado-de-7-de-setembro\/#respond"]}]},{"@type":"WebPage","@id":"https:\/\/revistainteirada.com\/interamusic\/2026\/09\/05\/rock-in-rio-antecipa-shows-de-elton-john-e-gilberto-gil-no-feriado-de-7-de-setembro\/","url":"https:\/\/revistainteirada.com\/interamusic\/2026\/09\/05\/rock-in-rio-antecipa-shows-de-elton-john-e-gilberto-gil-no-feriado-de-7-de-setembro\/","name":"Rock in Rio antecipa shows de Elton John e Gilberto Gil no feriado de 7 de setembro - InteraMusic","isPartOf":{"@id":"https:\/\/revistainteirada.com\/interamusic\/#website"},"primaryImageOfPage":{"@id":"https:\/\/revistainteirada.com\/interamusic\/2026\/09\/05\/rock-in-rio-antecipa-shows-de-elton-john-e-gilberto-gil-no-feriado-de-7-de-setembro\/#primaryimage"},"image":{"@id":"https:\/\/revistainteirada.com\/interamusic\/2026\/09\/05\/rock-in-rio-antecipa-shows-de-elton-john-e-gilberto-gil-no-feriado-de-7-de-setembro\/#primaryimage"},"thumbnailUrl":"https:\/\/i0.wp.com\/revistainteirada.com\/interamusic\/wp-content\/uploads\/2026\/09\/1000164550.webp?fit=960%2C540&ssl=1","datePublished":"2026-09-05T17:36:08+00:00","dateModified":"2026-09-05T17:36:09+00:00","breadcrumb":{"@id":"https:\/\/revistainteirada.com\/interamusic\/2026\/09\/05\/rock-in-rio-antecipa-shows-de-elton-john-e-gilberto-gil-no-feriado-de-7-de-setembro\/#breadcrumb"},"inLanguage":"pt-BR","potentialAction":[{"@type":"ReadAction","target":["https:\/\/revistainteirada.com\/interamusic\/2026\/09\/05\/rock-in-rio-antecipa-shows-de-elton-john-e-gilberto-gil-no-feriado-de-7-de-setembro\/"]}]},{"@type":"ImageObject","inLanguage":"pt-BR","@id":"https:\/\/revistainteirada.com\/interamusic\/2026\/09\/05\/rock-in-rio-antecipa-shows-de-elton-john-e-gilberto-gil-no-feriado-de-7-de-setembro\/#primaryimage","url":"https:\/\/i0.wp.com\/revistainteirada.com\/interamusic\/wp-content\/uploads\/2026\/09\/1000164550.webp?fit=960%2C540&ssl=1","contentUrl":"https:\/\/i0.wp.com\/revistainteirada.com\/interamusic\/wp-content\/uploads\/2026\/09\/1000164550.webp?fit=960%2C540&ssl=1","width":960,"height":540},{"@type":"BreadcrumbList","@id":"https:\/\/revistainteirada.com\/interamusic\/2026\/09\/05\/rock-in-rio-antecipa-shows-de-elton-john-e-gilberto-gil-no-feriado-de-7-de-setembro\/#breadcrumb","itemListElement":[{"@type":"ListItem","position":1,"name":"In\u00edcio","item":"https:\/\/revistainteirada.com\/interamusic\/"},{"@type":"ListItem","position":2,"name":"Rock in Rio antecipa shows de Elton John e Gilberto Gil no feriado de 7 de setembro"}]},{"@type":"WebSite","@id":"https:\/\/revistainteirada.com\/interamusic\/#website","url":"https:\/\/revistainteirada.com\/interamusic\/","name":"InteraMusic","description":"Not\u00edcias sobre o mundo da m\u00fasica","publisher":{"@id":"https:\/\/revistainteirada.com\/interamusic\/#organization"},"potentialAction":[{"@type":"SearchAction","target":{"@type":"EntryPoint","urlTemplate":"https:\/\/revistainteirada.com\/interamusic\/?s={search_term_string}"},"query-input":{"@type":"PropertyValueSpecification","valueRequired":true,"valueName":"search_term_string"}}],"inLanguage":"pt-BR"},{"@type":"Organization","@id":"https:\/\/revistainteirada.com\/interamusic\/#organization","name":"InteraMusic","url":"https:\/\/revistainteirada.com\/interamusic\/","logo":{"@type":"ImageObject","inLanguage":"pt-BR","@id":"https:\/\/revistainteirada.com\/interamusic\/#\/schema\/logo\/image\/","url":"https:\/\/i0.wp.com\/revistainteirada.com\/interamusic\/wp-content\/uploads\/2025\/01\/InteraMusic.png?fit=306%2C197&ssl=1","contentUrl":"https:\/\/i0.wp.com\/revistainteirada.com\/interamusic\/wp-content\/uploads\/2025\/01\/InteraMusic.png?fit=306%2C197&ssl=1","width":306,"height":197,"caption":"InteraMusic"},"image":{"@id":"https:\/\/revistainteirada.com\/interamusic\/#\/schema\/logo\/image\/"},"sameAs":["https:\/\/instagram.com\/intera.music"]},{"@type":"Person","@id":"https:\/\/revistainteirada.com\/interamusic\/#\/schema\/person\/63927576982eabb62afca0b99babccd5","name":"InteraMusic","image":{"@type":"ImageObject","inLanguage":"pt-BR","@id":"https:\/\/secure.gravatar.com\/avatar\/9fb1c885baf7f4510bcee96135b4213e714ef269218aa30a4d7fe09a992912a6?s=96&d=mm&r=g","url":"https:\/\/secure.gravatar.com\/avatar\/9fb1c885baf7f4510bcee96135b4213e714ef269218aa30a4d7fe09a992912a6?s=96&d=mm&r=g","contentUrl":"https:\/\/secure.gravatar.com\/avatar\/9fb1c885baf7f4510bcee96135b4213e714ef269218aa30a4d7fe09a992912a6?s=96&d=mm&r=g","caption":"InteraMusic"},"sameAs":["https:\/\/revistainteirada.com\/interamusic"],"url":"https:\/\/revistainteirada.com\/interamusic\/author\/admin\/"}]}},"jetpack_sharing_enabled":true,"jetpack_featured_media_url":"https:\/\/i0.wp.com\/revistainteirada.com\/interamusic\/wp-content\/uploads\/2026\/09\/1000164550.webp?fit=960%2C540&ssl=1","_links":{"self":[{"href":"https:\/\/revistainteirada.com\/interamusic\/wp-json\/wp\/v2\/posts\/2325","targetHints":{"allow":["GET"]}}],"collection":[{"href":"https:\/\/revistainteirada.com\/interamusic\/wp-json\/wp\/v2\/posts"}],"about":[{"href":"https:\/\/revistainteirada.com\/interamusic\/wp-json\/wp\/v2\/types\/post"}],"author":[{"embeddable":true,"href":"https:\/\/revistainteirada.com\/interamusic\/wp-json\/wp\/v2\/users\/1"}],"replies":[{"embeddable":true,"href":"https:\/\/revistainteirada.com\/interamusic\/wp-json\/wp\/v2\/comments?post=2325"}],"version-history":[{"count":1,"href":"https:\/\/revistainteirada.com\/interamusic\/wp-json\/wp\/v2\/posts\/2325\/revisions"}],"predecessor-version":[{"id":2327,"href":"https:\/\/revistainteirada.com\/interamusic\/wp-json\/wp\/v2\/posts\/2325\/revisions\/2327"}],"wp:featuredmedia":[{"embeddable":true,"href":"https:\/\/revistainteirada.com\/interamusic\/wp-json\/wp\/v2\/media\/2326"}],"wp:attachment":[{"href":"https:\/\/revistainteirada.com\/interamusic\/wp-json\/wp\/v2\/media?parent=2325"}],"wp:term":[{"taxonomy":"category","embeddable":true,"href":"https:\/\/revistainteirada.com\/interamusic\/wp-json\/wp\/v2\/categories?post=2325"},{"taxonomy":"post_tag","embeddable":true,"href":"https:\/\/revistainteirada.com\/interamusic\/wp-json\/wp\/v2\/tags?post=2325"}],"curies":[{"name":"wp","href":"https:\/\/api.w.org\/{rel}","templated":true}]}}