{"id":2320,"date":"2026-09-01T16:16:46","date_gmt":"2026-09-01T19:16:46","guid":{"rendered":"https:\/\/revistainteirada.com\/interamusic\/?p=2320"},"modified":"2026-09-01T16:16:48","modified_gmt":"2026-09-01T19:16:48","slug":"o-laboratorio-do-espirito-no-centenario-de-john-coltrane-fitas-perdidas-reabrem-o-arquivo-de-uma-revolucao","status":"publish","type":"post","link":"https:\/\/revistainteirada.com\/interamusic\/2026\/09\/01\/o-laboratorio-do-espirito-no-centenario-de-john-coltrane-fitas-perdidas-reabrem-o-arquivo-de-uma-revolucao\/","title":{"rendered":"O laborat\u00f3rio do esp\u00edrito: no centen\u00e1rio de John Coltrane, fitas perdidas reabrem o arquivo de uma revolu\u00e7\u00e3o"},"content":{"rendered":"<div class='booster-block booster-read-block'>\n                <div class=\"twp-read-time\">\n                \t<i class=\"booster-icon twp-clock\"><\/i> <span>Read Time:<\/span>3 Minute, 7 Second                <\/div>\n\n            <\/div>\n<p class=\"wp-block-paragraph\"><\/p>\n\n\n\n<p class=\"wp-block-paragraph\">Grava\u00e7\u00f5es privadas capturadas por Frank Tiberi em clubes noturnos de Nova York e da Filad\u00e9lfia chegam ao circuito oficial e descortinam uma janela in\u00e9dita para o per\u00edodo em que John Coltrane tensionava, em tempo real, os limites s\u00edsmicos da improvisa\u00e7\u00e3o.<\/p>\n\n\n\n<p class=\"wp-block-paragraph\">H\u00e1 cria\u00e7\u00f5es art\u00edsticas cuja mat\u00e9ria pertence estritamente ao anais da hist\u00f3ria, funcionando como rel\u00edquias est\u00e1ticas de uma \u00e9poca cristalizada. E h\u00e1 aquelas que desafiam a cronologia, pulsando com tamanha vitalidade que continuam a reescrever o presente mesmo d\u00e9cadas ap\u00f3s o sil\u00eancio f\u00edsico de seus autores.<\/p>\n\n\n\n<p class=\"wp-block-paragraph\">John Coltrane habita soberanamente esta segunda categoria.<\/p>\n\n\n\n<p class=\"wp-block-paragraph\">No marco de seu centen\u00e1rio, o saxofonista retorna ao epicentro do debate cultural global. N\u00e3o se trata apenas de revisitar o repert\u00f3rio can\u00f4nico consagrado em est\u00fadio, mas de confrontar o mito com aquilo que permaneceu envolto em penumbra e lenda por mais de sessenta anos: as chamadas <em>Tiberi Tapes<\/em>.<\/p>\n\n\n\n<p class=\"wp-block-paragraph\">Concebidas artesanalmente pelo tamb\u00e9m saxofonista e educador Frank Tiberi no alvorecer dos anos 1960, essas fitas documentam o Cl\u00e1ssico Quarteto de Coltrane em performances viscerais e suadas nos por\u00f5es enfuma\u00e7ados de clubes da Costa Leste norte-americana. Armado com um gravador port\u00e1til e muita intui\u00e7\u00e3o, Tiberi registrou a centelha de uma m\u00fasica que parecia acontecer veloz demais para caber nos c\u00e2nutes tradicionais. O que antes habitava o terreno rarefeito dos boatos entre colecionadores ganha agora luz p\u00fablica, integrando as celebra\u00e7\u00f5es magnas do centen\u00e1rio coltraniano.<\/p>\n\n\n\n<p class=\"wp-block-paragraph\">O debute desse tesouro fonogr\u00e1fico deu-se em edi\u00e7\u00f5es especiais para colecionadores, exibindo leituras avassaladoras de marcos harm\u00f3nicos como \u201cGiant Steps\u201d e \u201cSatellite\u201d. Contudo, a magnitude desta descoberta n\u00e3o reside meramente no acr\u00e9scimo de faixas in\u00e9ditas a uma discografia j\u00e1 monumental. O verdadeiro triunfo dessas grava\u00e7\u00f5es reside na escrutina\u00e7\u00e3o do processo criativo em seu estado nascente \u2014 o som do ateli\u00ea, cru e desprovido de rede de seguran\u00e7a.<\/p>\n\n\n\n<p class=\"wp-block-paragraph\"><strong>Um artista em perp\u00e9tua muta\u00e7\u00e3o<\/strong><\/p>\n\n\n\n<p class=\"wp-block-paragraph\">Nascido em Hamlet, Carolina do Norte, em 1926, Coltrane edificou sua linguagem inaugural sobre os pilares viscerais da experi\u00eancia gospel e da tradi\u00e7\u00e3o crist\u00e3 de sua fam\u00edlia. Todavia, a principal chave hermen\u00eautica para decodificar sua trajet\u00f3ria reside na recusa intransigente de estacionar em zonas de conforto estil\u00edstico.<\/p>\n\n\n\n<p class=\"wp-block-paragraph\">Ainda nos anos 1950, sua passagem pelos conjuntos de Miles Davis e Thelonious Monk ajudou a reconfigurar o vocabul\u00e1rio do bebop. O lan\u00e7amento de <em>Giant Steps<\/em>, em 1960, consolidou-se como um tratado definitivo de arquitetura harm\u00f3nica vertiginosa. Mas o m\u00fasico j\u00e1 mirava outros horizontes: estruturas modais abertas, f\u00f4lego oce\u00e2nico nas improvisa\u00e7\u00f5es e uma busca espiritual visceral que subvertia a rigidez da forma.<\/p>\n\n\n\n<p class=\"wp-block-paragraph\">\u00c9 exatamente nesse ponto de inflex\u00e3o que as fitas de Tiberi operam como documento arqueol\u00f3gico de alta voltagem. Diferente das sess\u00f5es ass\u00e9pticas de gravadora, o microfone camuflado flagra o instrumentista tateando o escuro, tensionando acordes e testando os limites da pr\u00f3pria resist\u00eancia f\u00edsica perante uma plateia at\u00f4nita.<\/p>\n\n\n\n<p class=\"wp-block-paragraph\"><strong>A espiritualidade como vanguarda est\u00e9tica<\/strong><\/p>\n\n\n\n<p class=\"wp-block-paragraph\">Se as fitas clandestinas revelam a oficina mec\u00e2nica do g\u00eanio, \u00e1lbuns definitivos como <em>A Love Supreme<\/em> (1964) explicitam a dimens\u00e3o metaf\u00edsica para a qual essa inventividade conflu\u00eda. Dividida em quatro movimentos \u2014 \u201cAcknowledgement\u201d, \u201cResolution\u201d, \u201cPursuance\u201d e \u201cPsalm\u201d \u2014, a obra ergue a espiritualidade n\u00e3o como mero adorno conceitual, mas como a engrenagem que governa a mat\u00e9ria sonora. O c\u00e9lebre motivo entoado em mantras instrumentais transformou a improvisa\u00e7\u00e3o em um ato de profunda confiss\u00e3o devocional e investiga\u00e7\u00e3o existencial.<\/p>\n\n\n\n<p class=\"wp-block-paragraph\">Essa densidade transversal explica por que o legado coltraniano recusa-se a envelhecer, ecoando com vigor na produ\u00e7\u00e3o de herdeiros contempor\u00e2neos como o saxofonista Kamasi Washington \u2014 ponte viva entre o jazz modal e as vanguardas do hip-hop \u2014 e o brit\u00e2nico Shabaka Hutchings, cuja urg\u00eancia est\u00e9tica bebe diretamente da mesma fonte inesgot\u00e1vel de liberdade criativa.<\/p>\n\n\n\n<p class=\"wp-block-paragraph\">Ao celebrar cem anos de seu nascimento, o mundo comprova que a m\u00fasica de John Coltrane jamais foi um ponto de chegada est\u00e1tico. \u00c9, e sempre ser\u00e1, um movimento em expans\u00e3o rumo ao inexplorado.<\/p>\n\n\n\n<p class=\"wp-block-paragraph\"><\/p>\n        <div class=\"booster-block booster-reactions-block\">\n            <div class=\"twp-reactions-icons\">\n                \n                <div class=\"twp-reacts-wrap\">\n                    <a react-data=\"be-react-1\" post-id=\"2320\" class=\"be-face-icons un-reacted\" href=\"javascript:void(0)\">\n                        <img decoding=\"async\" src=\"https:\/\/revistainteirada.com\/interamusic\/wp-content\/plugins\/booster-extension\/\/assets\/icon\/happy.svg\" alt=\"Happy\">\n                    <\/a>\n                    <div class=\"twp-reaction-title\">\n                        Happy                    <\/div>\n                    <div class=\"twp-count-percent\">\n                                                    <span style=\"display: none;\" class=\"twp-react-count\">0<\/span>\n                        \n                                                <span class=\"twp-react-percent\"><span>0<\/span> %<\/span>\n                                            <\/div>\n                <\/div>\n\n                <div class=\"twp-reacts-wrap\">\n                    <a react-data=\"be-react-2\" post-id=\"2320\" class=\"be-face-icons un-reacted\" href=\"javascript:void(0)\">\n                        <img decoding=\"async\" src=\"https:\/\/revistainteirada.com\/interamusic\/wp-content\/plugins\/booster-extension\/\/assets\/icon\/sad.svg\" alt=\"Sad\">\n                    <\/a>\n                    <div class=\"twp-reaction-title\">\n                        Sad                    <\/div>\n                    <div class=\"twp-count-percent\">\n                                                    <span style=\"display: none;\" class=\"twp-react-count\">0<\/span>\n                                                                        <span class=\"twp-react-percent\"><span>0<\/span> %<\/span>\n                                            <\/div>\n                <\/div>\n\n                <div class=\"twp-reacts-wrap\">\n                    <a react-data=\"be-react-3\" post-id=\"2320\" class=\"be-face-icons un-reacted\" href=\"javascript:void(0)\">\n                        <img decoding=\"async\" src=\"https:\/\/revistainteirada.com\/interamusic\/wp-content\/plugins\/booster-extension\/\/assets\/icon\/excited.svg\" alt=\"Excited\">\n                    <\/a>\n                    <div class=\"twp-reaction-title\">\n                        Excited                    <\/div>\n                    <div class=\"twp-count-percent\">\n                                                    <span style=\"display: none;\" class=\"twp-react-count\">0<\/span>\n                                                                        <span class=\"twp-react-percent\"><span>0<\/span> %<\/span>\n                                            <\/div>\n                <\/div>\n\n                <div class=\"twp-reacts-wrap\">\n                    <a react-data=\"be-react-6\" post-id=\"2320\" class=\"be-face-icons un-reacted\" href=\"javascript:void(0)\">\n                        <img decoding=\"async\" src=\"https:\/\/revistainteirada.com\/interamusic\/wp-content\/plugins\/booster-extension\/\/assets\/icon\/sleepy.svg\" alt=\"Sleepy\">\n                    <\/a>\n                    <div class=\"twp-reaction-title\">\n                        Sleepy                    <\/div>\n                    <div class=\"twp-count-percent\">\n                                                    <span style=\"display: none;\" class=\"twp-react-count\">0<\/span>\n                        \n                                                <span class=\"twp-react-percent\"><span>0<\/span> %<\/span>\n                                            <\/div>\n                <\/div>\n\n                <div class=\"twp-reacts-wrap\">\n                    <a react-data=\"be-react-4\" post-id=\"2320\" class=\"be-face-icons un-reacted\" href=\"javascript:void(0)\">\n                        <img decoding=\"async\" src=\"https:\/\/revistainteirada.com\/interamusic\/wp-content\/plugins\/booster-extension\/\/assets\/icon\/angry.svg\" alt=\"Angry\">\n                    <\/a>\n                    <div class=\"twp-reaction-title\">Angry<\/div>\n                    <div class=\"twp-count-percent\">\n                                                    <span style=\"display: none;\" class=\"twp-react-count\">0<\/span>\n                                                                        <span class=\"twp-react-percent\"><span>0<\/span> %<\/span>\n                        \n                    <\/div>\n                <\/div>\n\n                <div class=\"twp-reacts-wrap\">\n                    <a react-data=\"be-react-5\" post-id=\"2320\" class=\"be-face-icons un-reacted\" href=\"javascript:void(0)\">\n                        <img decoding=\"async\" src=\"https:\/\/revistainteirada.com\/interamusic\/wp-content\/plugins\/booster-extension\/\/assets\/icon\/surprise.svg\" alt=\"Surprise\">\n                    <\/a>\n                    <div class=\"twp-reaction-title\">Surprise<\/div>\n                    <div class=\"twp-count-percent\">\n                                                    <span style=\"display: none;\" class=\"twp-react-count\">0<\/span>\n                                                                        <span class=\"twp-react-percent\"><span>0<\/span> %<\/span>\n                                            <\/div>\n                <\/div>\n\n            <\/div>\n        <\/div>\n\n    ","protected":false},"excerpt":{"rendered":"<p>Grava\u00e7\u00f5es privadas capturadas por Frank Tiberi em clubes noturnos de Nova York e da Filad\u00e9lfia chegam ao circuito oficial e descortinam uma janela in\u00e9dita para o per\u00edodo em que John Coltrane tensionava, em tempo real, os limites s\u00edsmicos da improvisa\u00e7\u00e3o. H\u00e1 cria\u00e7\u00f5es art\u00edsticas cuja mat\u00e9ria pertence estritamente ao anais da hist\u00f3ria, funcionando como rel\u00edquias est\u00e1ticas [&hellip;]<\/p>\n","protected":false},"author":1,"featured_media":2321,"comment_status":"open","ping_status":"open","sticky":false,"template":"","format":"standard","meta":{"_jetpack_newsletter_access":"","_jetpack_dont_email_post_to_subs":false,"_jetpack_newsletter_tier_id":0,"_jetpack_memberships_contains_paywalled_content":false,"_jetpack_feature_clip_id":0,"_jetpack_memberships_contains_paid_content":false,"footnotes":"","jetpack_post_was_ever_published":false},"categories":[124,125],"tags":[],"class_list":["post-2320","post","type-post","status-publish","format-standard","has-post-thumbnail","hentry","category-instrumental","category-jazz"],"yoast_head":"<!-- This site is optimized with the Yoast SEO plugin v28.4 - https:\/\/yoast.com\/product\/yoast-seo-wordpress\/ -->\n<title>O laborat\u00f3rio do esp\u00edrito: no centen\u00e1rio de John Coltrane, fitas perdidas reabrem o arquivo de uma revolu\u00e7\u00e3o - InteraMusic<\/title>\n<meta name=\"robots\" content=\"index, follow, max-snippet:-1, max-image-preview:large, max-video-preview:-1\" \/>\n<link rel=\"canonical\" href=\"https:\/\/revistainteirada.com\/interamusic\/2026\/09\/01\/o-laboratorio-do-espirito-no-centenario-de-john-coltrane-fitas-perdidas-reabrem-o-arquivo-de-uma-revolucao\/\" \/>\n<meta property=\"og:locale\" content=\"pt_BR\" \/>\n<meta property=\"og:type\" content=\"article\" \/>\n<meta property=\"og:title\" content=\"O laborat\u00f3rio do esp\u00edrito: no centen\u00e1rio de John Coltrane, fitas perdidas reabrem o arquivo de uma revolu\u00e7\u00e3o - InteraMusic\" \/>\n<meta property=\"og:description\" content=\"Grava\u00e7\u00f5es privadas capturadas por Frank Tiberi em clubes noturnos de Nova York e da Filad\u00e9lfia chegam ao circuito oficial e descortinam uma janela in\u00e9dita para o per\u00edodo em que John Coltrane tensionava, em tempo real, os limites s\u00edsmicos da improvisa\u00e7\u00e3o. H\u00e1 cria\u00e7\u00f5es art\u00edsticas cuja mat\u00e9ria pertence estritamente ao anais da hist\u00f3ria, funcionando como rel\u00edquias est\u00e1ticas [&hellip;]\" \/>\n<meta property=\"og:url\" content=\"https:\/\/revistainteirada.com\/interamusic\/2026\/09\/01\/o-laboratorio-do-espirito-no-centenario-de-john-coltrane-fitas-perdidas-reabrem-o-arquivo-de-uma-revolucao\/\" \/>\n<meta property=\"og:site_name\" content=\"InteraMusic\" \/>\n<meta property=\"article:publisher\" content=\"https:\/\/instagram.com\/intera.music\" \/>\n<meta property=\"article:published_time\" content=\"2026-09-01T19:16:46+00:00\" \/>\n<meta property=\"article:modified_time\" content=\"2026-09-01T19:16:48+00:00\" \/>\n<meta property=\"og:image\" content=\"https:\/\/revistainteirada.com\/interamusic\/wp-content\/uploads\/2026\/09\/1000163618.jpg\" \/>\n\t<meta property=\"og:image:width\" content=\"575\" \/>\n\t<meta property=\"og:image:height\" content=\"383\" \/>\n\t<meta property=\"og:image:type\" content=\"image\/jpeg\" \/>\n<meta name=\"author\" content=\"InteraMusic\" \/>\n<meta name=\"twitter:card\" content=\"summary_large_image\" \/>\n<meta name=\"twitter:label1\" content=\"Escrito por\" \/>\n\t<meta name=\"twitter:data1\" content=\"InteraMusic\" \/>\n\t<meta name=\"twitter:label2\" content=\"Est. tempo de leitura\" \/>\n\t<meta name=\"twitter:data2\" content=\"4 minutos\" \/>\n<script type=\"application\/ld+json\" class=\"yoast-schema-graph\">{\"@context\":\"https:\\\/\\\/schema.org\",\"@graph\":[{\"@type\":\"Article\",\"@id\":\"https:\\\/\\\/revistainteirada.com\\\/interamusic\\\/2026\\\/09\\\/01\\\/o-laboratorio-do-espirito-no-centenario-de-john-coltrane-fitas-perdidas-reabrem-o-arquivo-de-uma-revolucao\\\/#article\",\"isPartOf\":{\"@id\":\"https:\\\/\\\/revistainteirada.com\\\/interamusic\\\/2026\\\/09\\\/01\\\/o-laboratorio-do-espirito-no-centenario-de-john-coltrane-fitas-perdidas-reabrem-o-arquivo-de-uma-revolucao\\\/\"},\"author\":{\"name\":\"InteraMusic\",\"@id\":\"https:\\\/\\\/revistainteirada.com\\\/interamusic\\\/#\\\/schema\\\/person\\\/63927576982eabb62afca0b99babccd5\"},\"headline\":\"O laborat\u00f3rio do esp\u00edrito: no centen\u00e1rio de John Coltrane, fitas perdidas reabrem o arquivo de uma revolu\u00e7\u00e3o\",\"datePublished\":\"2026-09-01T19:16:46+00:00\",\"dateModified\":\"2026-09-01T19:16:48+00:00\",\"mainEntityOfPage\":{\"@id\":\"https:\\\/\\\/revistainteirada.com\\\/interamusic\\\/2026\\\/09\\\/01\\\/o-laboratorio-do-espirito-no-centenario-de-john-coltrane-fitas-perdidas-reabrem-o-arquivo-de-uma-revolucao\\\/\"},\"wordCount\":717,\"commentCount\":0,\"publisher\":{\"@id\":\"https:\\\/\\\/revistainteirada.com\\\/interamusic\\\/#organization\"},\"image\":{\"@id\":\"https:\\\/\\\/revistainteirada.com\\\/interamusic\\\/2026\\\/09\\\/01\\\/o-laboratorio-do-espirito-no-centenario-de-john-coltrane-fitas-perdidas-reabrem-o-arquivo-de-uma-revolucao\\\/#primaryimage\"},\"thumbnailUrl\":\"https:\\\/\\\/i0.wp.com\\\/revistainteirada.com\\\/interamusic\\\/wp-content\\\/uploads\\\/2026\\\/09\\\/1000163618.jpg?fit=575%2C383&ssl=1\",\"articleSection\":[\"Instrumental\",\"Jazz\"],\"inLanguage\":\"pt-BR\",\"potentialAction\":[{\"@type\":\"CommentAction\",\"name\":\"Comment\",\"target\":[\"https:\\\/\\\/revistainteirada.com\\\/interamusic\\\/2026\\\/09\\\/01\\\/o-laboratorio-do-espirito-no-centenario-de-john-coltrane-fitas-perdidas-reabrem-o-arquivo-de-uma-revolucao\\\/#respond\"]}]},{\"@type\":\"WebPage\",\"@id\":\"https:\\\/\\\/revistainteirada.com\\\/interamusic\\\/2026\\\/09\\\/01\\\/o-laboratorio-do-espirito-no-centenario-de-john-coltrane-fitas-perdidas-reabrem-o-arquivo-de-uma-revolucao\\\/\",\"url\":\"https:\\\/\\\/revistainteirada.com\\\/interamusic\\\/2026\\\/09\\\/01\\\/o-laboratorio-do-espirito-no-centenario-de-john-coltrane-fitas-perdidas-reabrem-o-arquivo-de-uma-revolucao\\\/\",\"name\":\"O laborat\u00f3rio do esp\u00edrito: no centen\u00e1rio de John Coltrane, fitas perdidas reabrem o arquivo de uma revolu\u00e7\u00e3o - InteraMusic\",\"isPartOf\":{\"@id\":\"https:\\\/\\\/revistainteirada.com\\\/interamusic\\\/#website\"},\"primaryImageOfPage\":{\"@id\":\"https:\\\/\\\/revistainteirada.com\\\/interamusic\\\/2026\\\/09\\\/01\\\/o-laboratorio-do-espirito-no-centenario-de-john-coltrane-fitas-perdidas-reabrem-o-arquivo-de-uma-revolucao\\\/#primaryimage\"},\"image\":{\"@id\":\"https:\\\/\\\/revistainteirada.com\\\/interamusic\\\/2026\\\/09\\\/01\\\/o-laboratorio-do-espirito-no-centenario-de-john-coltrane-fitas-perdidas-reabrem-o-arquivo-de-uma-revolucao\\\/#primaryimage\"},\"thumbnailUrl\":\"https:\\\/\\\/i0.wp.com\\\/revistainteirada.com\\\/interamusic\\\/wp-content\\\/uploads\\\/2026\\\/09\\\/1000163618.jpg?fit=575%2C383&ssl=1\",\"datePublished\":\"2026-09-01T19:16:46+00:00\",\"dateModified\":\"2026-09-01T19:16:48+00:00\",\"breadcrumb\":{\"@id\":\"https:\\\/\\\/revistainteirada.com\\\/interamusic\\\/2026\\\/09\\\/01\\\/o-laboratorio-do-espirito-no-centenario-de-john-coltrane-fitas-perdidas-reabrem-o-arquivo-de-uma-revolucao\\\/#breadcrumb\"},\"inLanguage\":\"pt-BR\",\"potentialAction\":[{\"@type\":\"ReadAction\",\"target\":[\"https:\\\/\\\/revistainteirada.com\\\/interamusic\\\/2026\\\/09\\\/01\\\/o-laboratorio-do-espirito-no-centenario-de-john-coltrane-fitas-perdidas-reabrem-o-arquivo-de-uma-revolucao\\\/\"]}]},{\"@type\":\"ImageObject\",\"inLanguage\":\"pt-BR\",\"@id\":\"https:\\\/\\\/revistainteirada.com\\\/interamusic\\\/2026\\\/09\\\/01\\\/o-laboratorio-do-espirito-no-centenario-de-john-coltrane-fitas-perdidas-reabrem-o-arquivo-de-uma-revolucao\\\/#primaryimage\",\"url\":\"https:\\\/\\\/i0.wp.com\\\/revistainteirada.com\\\/interamusic\\\/wp-content\\\/uploads\\\/2026\\\/09\\\/1000163618.jpg?fit=575%2C383&ssl=1\",\"contentUrl\":\"https:\\\/\\\/i0.wp.com\\\/revistainteirada.com\\\/interamusic\\\/wp-content\\\/uploads\\\/2026\\\/09\\\/1000163618.jpg?fit=575%2C383&ssl=1\",\"width\":575,\"height\":383},{\"@type\":\"BreadcrumbList\",\"@id\":\"https:\\\/\\\/revistainteirada.com\\\/interamusic\\\/2026\\\/09\\\/01\\\/o-laboratorio-do-espirito-no-centenario-de-john-coltrane-fitas-perdidas-reabrem-o-arquivo-de-uma-revolucao\\\/#breadcrumb\",\"itemListElement\":[{\"@type\":\"ListItem\",\"position\":1,\"name\":\"In\u00edcio\",\"item\":\"https:\\\/\\\/revistainteirada.com\\\/interamusic\\\/\"},{\"@type\":\"ListItem\",\"position\":2,\"name\":\"O laborat\u00f3rio do esp\u00edrito: no centen\u00e1rio de John Coltrane, fitas perdidas reabrem o arquivo de uma revolu\u00e7\u00e3o\"}]},{\"@type\":\"WebSite\",\"@id\":\"https:\\\/\\\/revistainteirada.com\\\/interamusic\\\/#website\",\"url\":\"https:\\\/\\\/revistainteirada.com\\\/interamusic\\\/\",\"name\":\"InteraMusic\",\"description\":\"Not\u00edcias sobre o mundo da m\u00fasica\",\"publisher\":{\"@id\":\"https:\\\/\\\/revistainteirada.com\\\/interamusic\\\/#organization\"},\"potentialAction\":[{\"@type\":\"SearchAction\",\"target\":{\"@type\":\"EntryPoint\",\"urlTemplate\":\"https:\\\/\\\/revistainteirada.com\\\/interamusic\\\/?s={search_term_string}\"},\"query-input\":{\"@type\":\"PropertyValueSpecification\",\"valueRequired\":true,\"valueName\":\"search_term_string\"}}],\"inLanguage\":\"pt-BR\"},{\"@type\":\"Organization\",\"@id\":\"https:\\\/\\\/revistainteirada.com\\\/interamusic\\\/#organization\",\"name\":\"InteraMusic\",\"url\":\"https:\\\/\\\/revistainteirada.com\\\/interamusic\\\/\",\"logo\":{\"@type\":\"ImageObject\",\"inLanguage\":\"pt-BR\",\"@id\":\"https:\\\/\\\/revistainteirada.com\\\/interamusic\\\/#\\\/schema\\\/logo\\\/image\\\/\",\"url\":\"https:\\\/\\\/i0.wp.com\\\/revistainteirada.com\\\/interamusic\\\/wp-content\\\/uploads\\\/2025\\\/01\\\/InteraMusic.png?fit=306%2C197&ssl=1\",\"contentUrl\":\"https:\\\/\\\/i0.wp.com\\\/revistainteirada.com\\\/interamusic\\\/wp-content\\\/uploads\\\/2025\\\/01\\\/InteraMusic.png?fit=306%2C197&ssl=1\",\"width\":306,\"height\":197,\"caption\":\"InteraMusic\"},\"image\":{\"@id\":\"https:\\\/\\\/revistainteirada.com\\\/interamusic\\\/#\\\/schema\\\/logo\\\/image\\\/\"},\"sameAs\":[\"https:\\\/\\\/instagram.com\\\/intera.music\"]},{\"@type\":\"Person\",\"@id\":\"https:\\\/\\\/revistainteirada.com\\\/interamusic\\\/#\\\/schema\\\/person\\\/63927576982eabb62afca0b99babccd5\",\"name\":\"InteraMusic\",\"image\":{\"@type\":\"ImageObject\",\"inLanguage\":\"pt-BR\",\"@id\":\"https:\\\/\\\/secure.gravatar.com\\\/avatar\\\/9fb1c885baf7f4510bcee96135b4213e714ef269218aa30a4d7fe09a992912a6?s=96&d=mm&r=g\",\"url\":\"https:\\\/\\\/secure.gravatar.com\\\/avatar\\\/9fb1c885baf7f4510bcee96135b4213e714ef269218aa30a4d7fe09a992912a6?s=96&d=mm&r=g\",\"contentUrl\":\"https:\\\/\\\/secure.gravatar.com\\\/avatar\\\/9fb1c885baf7f4510bcee96135b4213e714ef269218aa30a4d7fe09a992912a6?s=96&d=mm&r=g\",\"caption\":\"InteraMusic\"},\"sameAs\":[\"https:\\\/\\\/revistainteirada.com\\\/interamusic\"],\"url\":\"https:\\\/\\\/revistainteirada.com\\\/interamusic\\\/author\\\/admin\\\/\"}]}<\/script>\n<!-- \/ Yoast SEO plugin. -->","yoast_head_json":{"title":"O laborat\u00f3rio do esp\u00edrito: no centen\u00e1rio de John Coltrane, fitas perdidas reabrem o arquivo de uma revolu\u00e7\u00e3o - InteraMusic","robots":{"index":"index","follow":"follow","max-snippet":"max-snippet:-1","max-image-preview":"max-image-preview:large","max-video-preview":"max-video-preview:-1"},"canonical":"https:\/\/revistainteirada.com\/interamusic\/2026\/09\/01\/o-laboratorio-do-espirito-no-centenario-de-john-coltrane-fitas-perdidas-reabrem-o-arquivo-de-uma-revolucao\/","og_locale":"pt_BR","og_type":"article","og_title":"O laborat\u00f3rio do esp\u00edrito: no centen\u00e1rio de John Coltrane, fitas perdidas reabrem o arquivo de uma revolu\u00e7\u00e3o - InteraMusic","og_description":"Grava\u00e7\u00f5es privadas capturadas por Frank Tiberi em clubes noturnos de Nova York e da Filad\u00e9lfia chegam ao circuito oficial e descortinam uma janela in\u00e9dita para o per\u00edodo em que John Coltrane tensionava, em tempo real, os limites s\u00edsmicos da improvisa\u00e7\u00e3o. H\u00e1 cria\u00e7\u00f5es art\u00edsticas cuja mat\u00e9ria pertence estritamente ao anais da hist\u00f3ria, funcionando como rel\u00edquias est\u00e1ticas [&hellip;]","og_url":"https:\/\/revistainteirada.com\/interamusic\/2026\/09\/01\/o-laboratorio-do-espirito-no-centenario-de-john-coltrane-fitas-perdidas-reabrem-o-arquivo-de-uma-revolucao\/","og_site_name":"InteraMusic","article_publisher":"https:\/\/instagram.com\/intera.music","article_published_time":"2026-09-01T19:16:46+00:00","article_modified_time":"2026-09-01T19:16:48+00:00","og_image":[{"width":575,"height":383,"url":"https:\/\/revistainteirada.com\/interamusic\/wp-content\/uploads\/2026\/09\/1000163618.jpg","type":"image\/jpeg"}],"author":"InteraMusic","twitter_card":"summary_large_image","twitter_misc":{"Escrito por":"InteraMusic","Est. tempo de leitura":"4 minutos"},"schema":{"@context":"https:\/\/schema.org","@graph":[{"@type":"Article","@id":"https:\/\/revistainteirada.com\/interamusic\/2026\/09\/01\/o-laboratorio-do-espirito-no-centenario-de-john-coltrane-fitas-perdidas-reabrem-o-arquivo-de-uma-revolucao\/#article","isPartOf":{"@id":"https:\/\/revistainteirada.com\/interamusic\/2026\/09\/01\/o-laboratorio-do-espirito-no-centenario-de-john-coltrane-fitas-perdidas-reabrem-o-arquivo-de-uma-revolucao\/"},"author":{"name":"InteraMusic","@id":"https:\/\/revistainteirada.com\/interamusic\/#\/schema\/person\/63927576982eabb62afca0b99babccd5"},"headline":"O laborat\u00f3rio do esp\u00edrito: no centen\u00e1rio de John Coltrane, fitas perdidas reabrem o arquivo de uma revolu\u00e7\u00e3o","datePublished":"2026-09-01T19:16:46+00:00","dateModified":"2026-09-01T19:16:48+00:00","mainEntityOfPage":{"@id":"https:\/\/revistainteirada.com\/interamusic\/2026\/09\/01\/o-laboratorio-do-espirito-no-centenario-de-john-coltrane-fitas-perdidas-reabrem-o-arquivo-de-uma-revolucao\/"},"wordCount":717,"commentCount":0,"publisher":{"@id":"https:\/\/revistainteirada.com\/interamusic\/#organization"},"image":{"@id":"https:\/\/revistainteirada.com\/interamusic\/2026\/09\/01\/o-laboratorio-do-espirito-no-centenario-de-john-coltrane-fitas-perdidas-reabrem-o-arquivo-de-uma-revolucao\/#primaryimage"},"thumbnailUrl":"https:\/\/i0.wp.com\/revistainteirada.com\/interamusic\/wp-content\/uploads\/2026\/09\/1000163618.jpg?fit=575%2C383&ssl=1","articleSection":["Instrumental","Jazz"],"inLanguage":"pt-BR","potentialAction":[{"@type":"CommentAction","name":"Comment","target":["https:\/\/revistainteirada.com\/interamusic\/2026\/09\/01\/o-laboratorio-do-espirito-no-centenario-de-john-coltrane-fitas-perdidas-reabrem-o-arquivo-de-uma-revolucao\/#respond"]}]},{"@type":"WebPage","@id":"https:\/\/revistainteirada.com\/interamusic\/2026\/09\/01\/o-laboratorio-do-espirito-no-centenario-de-john-coltrane-fitas-perdidas-reabrem-o-arquivo-de-uma-revolucao\/","url":"https:\/\/revistainteirada.com\/interamusic\/2026\/09\/01\/o-laboratorio-do-espirito-no-centenario-de-john-coltrane-fitas-perdidas-reabrem-o-arquivo-de-uma-revolucao\/","name":"O laborat\u00f3rio do esp\u00edrito: no centen\u00e1rio de John Coltrane, fitas perdidas reabrem o arquivo de uma revolu\u00e7\u00e3o - InteraMusic","isPartOf":{"@id":"https:\/\/revistainteirada.com\/interamusic\/#website"},"primaryImageOfPage":{"@id":"https:\/\/revistainteirada.com\/interamusic\/2026\/09\/01\/o-laboratorio-do-espirito-no-centenario-de-john-coltrane-fitas-perdidas-reabrem-o-arquivo-de-uma-revolucao\/#primaryimage"},"image":{"@id":"https:\/\/revistainteirada.com\/interamusic\/2026\/09\/01\/o-laboratorio-do-espirito-no-centenario-de-john-coltrane-fitas-perdidas-reabrem-o-arquivo-de-uma-revolucao\/#primaryimage"},"thumbnailUrl":"https:\/\/i0.wp.com\/revistainteirada.com\/interamusic\/wp-content\/uploads\/2026\/09\/1000163618.jpg?fit=575%2C383&ssl=1","datePublished":"2026-09-01T19:16:46+00:00","dateModified":"2026-09-01T19:16:48+00:00","breadcrumb":{"@id":"https:\/\/revistainteirada.com\/interamusic\/2026\/09\/01\/o-laboratorio-do-espirito-no-centenario-de-john-coltrane-fitas-perdidas-reabrem-o-arquivo-de-uma-revolucao\/#breadcrumb"},"inLanguage":"pt-BR","potentialAction":[{"@type":"ReadAction","target":["https:\/\/revistainteirada.com\/interamusic\/2026\/09\/01\/o-laboratorio-do-espirito-no-centenario-de-john-coltrane-fitas-perdidas-reabrem-o-arquivo-de-uma-revolucao\/"]}]},{"@type":"ImageObject","inLanguage":"pt-BR","@id":"https:\/\/revistainteirada.com\/interamusic\/2026\/09\/01\/o-laboratorio-do-espirito-no-centenario-de-john-coltrane-fitas-perdidas-reabrem-o-arquivo-de-uma-revolucao\/#primaryimage","url":"https:\/\/i0.wp.com\/revistainteirada.com\/interamusic\/wp-content\/uploads\/2026\/09\/1000163618.jpg?fit=575%2C383&ssl=1","contentUrl":"https:\/\/i0.wp.com\/revistainteirada.com\/interamusic\/wp-content\/uploads\/2026\/09\/1000163618.jpg?fit=575%2C383&ssl=1","width":575,"height":383},{"@type":"BreadcrumbList","@id":"https:\/\/revistainteirada.com\/interamusic\/2026\/09\/01\/o-laboratorio-do-espirito-no-centenario-de-john-coltrane-fitas-perdidas-reabrem-o-arquivo-de-uma-revolucao\/#breadcrumb","itemListElement":[{"@type":"ListItem","position":1,"name":"In\u00edcio","item":"https:\/\/revistainteirada.com\/interamusic\/"},{"@type":"ListItem","position":2,"name":"O laborat\u00f3rio do esp\u00edrito: no centen\u00e1rio de John Coltrane, fitas perdidas reabrem o arquivo de uma revolu\u00e7\u00e3o"}]},{"@type":"WebSite","@id":"https:\/\/revistainteirada.com\/interamusic\/#website","url":"https:\/\/revistainteirada.com\/interamusic\/","name":"InteraMusic","description":"Not\u00edcias sobre o mundo da m\u00fasica","publisher":{"@id":"https:\/\/revistainteirada.com\/interamusic\/#organization"},"potentialAction":[{"@type":"SearchAction","target":{"@type":"EntryPoint","urlTemplate":"https:\/\/revistainteirada.com\/interamusic\/?s={search_term_string}"},"query-input":{"@type":"PropertyValueSpecification","valueRequired":true,"valueName":"search_term_string"}}],"inLanguage":"pt-BR"},{"@type":"Organization","@id":"https:\/\/revistainteirada.com\/interamusic\/#organization","name":"InteraMusic","url":"https:\/\/revistainteirada.com\/interamusic\/","logo":{"@type":"ImageObject","inLanguage":"pt-BR","@id":"https:\/\/revistainteirada.com\/interamusic\/#\/schema\/logo\/image\/","url":"https:\/\/i0.wp.com\/revistainteirada.com\/interamusic\/wp-content\/uploads\/2025\/01\/InteraMusic.png?fit=306%2C197&ssl=1","contentUrl":"https:\/\/i0.wp.com\/revistainteirada.com\/interamusic\/wp-content\/uploads\/2025\/01\/InteraMusic.png?fit=306%2C197&ssl=1","width":306,"height":197,"caption":"InteraMusic"},"image":{"@id":"https:\/\/revistainteirada.com\/interamusic\/#\/schema\/logo\/image\/"},"sameAs":["https:\/\/instagram.com\/intera.music"]},{"@type":"Person","@id":"https:\/\/revistainteirada.com\/interamusic\/#\/schema\/person\/63927576982eabb62afca0b99babccd5","name":"InteraMusic","image":{"@type":"ImageObject","inLanguage":"pt-BR","@id":"https:\/\/secure.gravatar.com\/avatar\/9fb1c885baf7f4510bcee96135b4213e714ef269218aa30a4d7fe09a992912a6?s=96&d=mm&r=g","url":"https:\/\/secure.gravatar.com\/avatar\/9fb1c885baf7f4510bcee96135b4213e714ef269218aa30a4d7fe09a992912a6?s=96&d=mm&r=g","contentUrl":"https:\/\/secure.gravatar.com\/avatar\/9fb1c885baf7f4510bcee96135b4213e714ef269218aa30a4d7fe09a992912a6?s=96&d=mm&r=g","caption":"InteraMusic"},"sameAs":["https:\/\/revistainteirada.com\/interamusic"],"url":"https:\/\/revistainteirada.com\/interamusic\/author\/admin\/"}]}},"jetpack_sharing_enabled":true,"jetpack_featured_media_url":"https:\/\/i0.wp.com\/revistainteirada.com\/interamusic\/wp-content\/uploads\/2026\/09\/1000163618.jpg?fit=575%2C383&ssl=1","_links":{"self":[{"href":"https:\/\/revistainteirada.com\/interamusic\/wp-json\/wp\/v2\/posts\/2320","targetHints":{"allow":["GET"]}}],"collection":[{"href":"https:\/\/revistainteirada.com\/interamusic\/wp-json\/wp\/v2\/posts"}],"about":[{"href":"https:\/\/revistainteirada.com\/interamusic\/wp-json\/wp\/v2\/types\/post"}],"author":[{"embeddable":true,"href":"https:\/\/revistainteirada.com\/interamusic\/wp-json\/wp\/v2\/users\/1"}],"replies":[{"embeddable":true,"href":"https:\/\/revistainteirada.com\/interamusic\/wp-json\/wp\/v2\/comments?post=2320"}],"version-history":[{"count":1,"href":"https:\/\/revistainteirada.com\/interamusic\/wp-json\/wp\/v2\/posts\/2320\/revisions"}],"predecessor-version":[{"id":2322,"href":"https:\/\/revistainteirada.com\/interamusic\/wp-json\/wp\/v2\/posts\/2320\/revisions\/2322"}],"wp:featuredmedia":[{"embeddable":true,"href":"https:\/\/revistainteirada.com\/interamusic\/wp-json\/wp\/v2\/media\/2321"}],"wp:attachment":[{"href":"https:\/\/revistainteirada.com\/interamusic\/wp-json\/wp\/v2\/media?parent=2320"}],"wp:term":[{"taxonomy":"category","embeddable":true,"href":"https:\/\/revistainteirada.com\/interamusic\/wp-json\/wp\/v2\/categories?post=2320"},{"taxonomy":"post_tag","embeddable":true,"href":"https:\/\/revistainteirada.com\/interamusic\/wp-json\/wp\/v2\/tags?post=2320"}],"curies":[{"name":"wp","href":"https:\/\/api.w.org\/{rel}","templated":true}]}}